{"id":101486,"date":"2023-09-07T19:25:08","date_gmt":"2023-09-07T17:25:08","guid":{"rendered":"https:\/\/kunmedierne.dk\/mors\/?p=101486"},"modified":"2024-08-12T13:11:55","modified_gmt":"2024-08-12T11:11:55","slug":"sundbys-store-haab-jacob-justesen-glaeder-sig-til-moedet-med-hjembyen","status":"publish","type":"post","link":"https:\/\/kunmedierne.dk\/mors\/sundbys-store-haab-jacob-justesen-glaeder-sig-til-moedet-med-hjembyen\/","title":{"rendered":"Sundbys store h\u00e5b: Jacob Justesen gl\u00e6der sig til m\u00f8det med hjembyen"},"content":{"rendered":"<p><b>SUNDBY<\/b>: Der skal mere end varmegrader til at sl\u00e5 en rutineret ultral\u00f8ber ud af kurs.<\/p>\n<p>Det er Jacob Justesen et bevis p\u00e5. Den 33-\u00e5rige morsingbo, der to gange tidligere har v\u00e6ret p\u00e5 podiet i det barske l\u00f8b p\u00e5 Mors, f\u00f8ler sig klar til at g\u00e5 efter ny personlig rekord, n\u00e5r det p\u00e5 l\u00f8rdag g\u00e5r l\u00f8s igen.<\/p>\n<p>Dermed r\u00e6kker han ogs\u00e5 ud efter en af hovedrollerne i et ellers meget st\u00e6rkt felt.<\/p>\n<p>&#8211; Mentalt hviler jeg virkelig i mig selv, og jeg har en indre ro. Nu er det ogs\u00e5 sjette gang, jeg l\u00f8ber med, s\u00e5 jeg har ogs\u00e5 noget erfaring i bagagen, siger han.<\/p>\n<a class=\"dvrt-link\" onClick=\"cdmtrack_click(104785,jQuery(this));return false\" href=\"https:\/\/www.facebook.com\/lyndrups\"><img decoding=\"async\" style=\"width:100%;\" src=\"https:\/\/kunmedierne.dk\/mors\/wp-content\/uploads\/2022\/02\/vip-lyndrups-rengoering.jpg\"><\/a><script>cdmtrack_view(104785);<\/script>\n<p>Det g\u00f8r han dog med <a href=\"https:\/\/kunmedierne.dk\/mors\/varmen-truer-loeberne-mors-100-miles-beder-morsingboerne-om-hjaelp\/\">respekt for varmen<\/a>. Da KunMors taler med ham torsdag eftermiddag, er han ikke helt opdateret p\u00e5 vejrudsigten for l\u00f8rdag, og da han f\u00e5r at vide, at DMI forventer op til 28 graders varme, siger han:<\/p>\n<p>&#8211; Jeg har ikke set de seneste meldinger, men det, du siger der, lyder ikke sjovt.<\/p>\n<p>Og om varmen i det hele taget, lyder det:<\/p>\n<p>&#8211; Det er en modstander, uanset hvordan man vender og drejer det. Uanset hvad de siger, er der ingen l\u00f8bere, der nyder at l\u00f8be i varmen. Det g\u00f8r simpelthen, at kroppen skal arbejde h\u00e5rdere for at k\u00f8le hele systemet.<\/p>\n<p>&nbsp;<\/p>\n<p><b>Tilskuernes l\u00f8b<\/b><\/p>\n<p>Alligevel sl\u00e5r det ham ikke ud. Jacob Justesen fastholder m\u00e5let om at komme under sin hidtil bedste tid p\u00e5 15:19:35 &#8211; og m\u00e5ske endda under 15 timer, hvis han rammer dagen.<\/p>\n<p>&#8211; Vi skal se positivt p\u00e5 det. Man kan ikke g\u00f8re noget ved varmen, s\u00e5 at bruge en masse tanker p\u00e5 den, f\u00e5r man ikke noget ud af, siger han og gl\u00e6der sig i stedet p\u00e5 vegne af tilskuerne til Mors 100 Miles.<\/p>\n<a class=\"dvrt-link\" onClick=\"cdmtrack_click(104786,jQuery(this));return false\" href=\"https:\/\/limfjordsteatret.dk\/events\/tobias-dybvad-mit-bedste-onemanshow\/\"><img decoding=\"async\" style=\"width:100%;\" src=\"https:\/\/kunmedierne.dk\/mors\/wp-content\/uploads\/2023\/10\/aarskortLim_KunMors_1100x125.jpg\"><\/a><script>cdmtrack_view(104786);<\/script>\n<p>&#8211; Det er godt for dem, der skal kigge p\u00e5 l\u00f8bet. Det er virkelig tilskuernes l\u00f8b. B\u00e5de med vejret og med det st\u00e6rkeste felt til dato, siger han.<\/p>\n<p>&#8211; Men l\u00f8berne er n\u00f8dt til at tage deres forholdsregler og passe p\u00e5 sig selv. Specielt dem, der l\u00f8ber f\u00f8rste eller anden gang. De skal virkelig f\u00e5 noget v\u00e6ske ind og passe p\u00e5, at pulsen ikke kommer op, siger lyder det med tilf\u00f8jelsen:<\/p>\n<p>&#8211; Men jeg er rimelig afklaret og har en plan.<\/p>\n<p>&nbsp;<\/p>\n<p><b>Holder m\u00f8de med sit team<\/b><\/p>\n<p>Jacob Justesen l\u00f8b sit f\u00f8rste Mors 100 Miles i 2017. Det var med det relativt beskedne m\u00e5l at gennemf\u00f8re inden for tidsgr\u00e6nsen, og med en tid omkring de 25 timer blev d\u00e9n pr\u00e6station vinget af.<\/p>\n<p>Siden erobrede han som den f\u00f8rste morsingbo en plads p\u00e5 podiet med tredjepladsen i 2020, og sidste \u00e5r rakte han ud efter sejren, men m\u00e5tte n\u00f8jes med andenpladsen, da et <a href=\"https:\/\/kunmedierne.dk\/mors\/jacob-justesen-de-sidste-to-kilometer-var-jeg-en-zombie\/\">maveonde p\u00e5 sidste maraton<\/a> forhindrede ham i at f\u00f8lge med vinderen Morten Thye.<\/p>\n<a class=\"dvrt-link\" onClick=\"cdmtrack_click(104783,jQuery(this));return false\" href=\"https:\/\/konpap.dk\/\"><img decoding=\"async\" style=\"width:100%;\" src=\"https:\/\/kunmedierne.dk\/mors\/wp-content\/uploads\/2023\/10\/Kun-Mors-banner.jpg\"><\/a><script>cdmtrack_view(104783);<\/script>\n<p>Jacob Justesen har siden sin debut for seks \u00e5r siden s\u00e5ledes udviklet sig til en regul\u00e6r ultral\u00f8ber og stiller p\u00e5 l\u00f8rdag til start med hj\u00e6lp fra et team best\u00e5ende af hans far, Johannes Justesen, og Hannibal Krogh.<\/p>\n<p>De tre kommer sammen til at l\u00e6gge en strategi inden l\u00f8bet, og man f\u00e5r ikke Jacob Justesen til at afsl\u00f8re den p\u00e5 forh\u00e5nd.<\/p>\n<p>&#8211; Jeg har et m\u00f8de med mit hold i morgen. Vi skal kigge lidt p\u00e5 vejret, men vi kommer til at have vores egen strategi og l\u00f8be vores eget l\u00f8b, som hvis det kun var os, der var af sted &#8211; indtil et vist punkt i l\u00f8bet, siger han og tilf\u00f8jer s\u00e5:<\/p>\n<p>&#8211; Men jeg vil helst ikke snakke for meget om strategi.<\/p>\n<a class=\"dvrt-link\" onClick=\"cdmtrack_click(104783,jQuery(this));return false\" href=\"https:\/\/konpap.dk\/\"><img decoding=\"async\" style=\"width:100%;\" src=\"https:\/\/kunmedierne.dk\/mors\/wp-content\/uploads\/2023\/10\/Kun-Mors-banner.jpg\"><\/a><script>cdmtrack_view(104783);<\/script>\n<p>Man kan dog godt f\u00e5 ham til at udpege Bj\u00f8rn Tore Taranger, Bruno Batsberg og sidste \u00e5rs vinder, Morten Thye, som de tre st\u00f8rste favoritter.<\/p>\n<p>Det er ikke overraskende med den norske 2021-vinder helt i top.<\/p>\n<p>&#8211; Bj\u00f8rn er jo virkelig en verdensklassel\u00f8ber og den st\u00f8rste stjerne i l\u00f8bet. Hvis nogen skal sl\u00e5 rekorden, er det ham.<\/p>\n<p>&#8211; Han har tempoet i benene, og han har erfaringen og viljen. Og han kan virkelig \u00e6de sig selv, siger Jacob Justesen.<\/p>\n<p>&nbsp;<\/p>\n<p><b>Det bliver stort i Sundby<\/b><\/p>\n<p>Efter en \u00e5rr\u00e6kke i Aarhus er han nu tilbage p\u00e5 Mors. Her har familien bosat sig i Nyk\u00f8bing &#8211; men stadig med s\u00e6rlig tilknytning til Sundby, hvor Jacob Justesen er vokset op.<\/p>\n<p>Det var med skolegang p\u00e5 Sundby Skole indtil 4. klasse, hvorefter han fortsatte p\u00e5 den friskole, hans far og andre ildsj\u00e6le startede op.<\/p>\n<p>Nu er den ogs\u00e5 lukket, s\u00e5 det er ogs\u00e5 en Sundbydreng med vemod, der passerer igennem byen p\u00e5 l\u00f8rdag.<\/p>\n<p>&#8211; Der har altid v\u00e6ret en skole i Sundby. F\u00f8rst folkeskole, s\u00e5 friskole &#8211; og nu er der ingen skole. Det er en trist udvikling, og det er da vemodigt, siger han.<\/p>\n<a class=\"dvrt-link\" onClick=\"cdmtrack_click(104780,jQuery(this));return false\" href=\"https:\/\/www.spard.dk\/\"><img decoding=\"async\" style=\"width:100%;\" src=\"https:\/\/kunmedierne.dk\/mors\/wp-content\/uploads\/2023\/12\/sparekassen-dk-maj25.gif\"><\/a><script>cdmtrack_view(104780);<\/script>\n<p>Til geng\u00e6ld kan han se frem til at f\u00e5 massiv opbakning i hjembyen. Som <a href=\"https:\/\/kunmedierne.dk\/mors\/naar-man-kan-feste-i-andre-byer-kan-man-selvfoelgelig-ogsaa-i-sundby\/\">KunMors fortalte forleden<\/a>, er en stor rutefest under opsejling, og ikke mindst l\u00f8berne fra Sundby kan forvente at f\u00e5 en stor modtagelse 78 kilometer ude p\u00e5 ruten.<\/p>\n<p>&#8211; Det gl\u00e6der jeg mig virkelig til. Det er jo noget af det, de kan i Sundby &#8211; og alle andre steder p\u00e5 Mors. Det er det med sammenhold og frivillighed &#8211; og de sm\u00e5 f\u00e6llesskaber, der bare blomstrer op, siger Jacob Justesen.<\/p>\n<p>&#8211; Jeg gl\u00e6der mig til at komme forbi og opleve stemningen og se en masse kendte ansigter, forts\u00e6tter han og bekr\u00e6fter, at han m\u00e5ske kommer til at str\u00e6kke oplevelsen til det yderste &#8211; ogs\u00e5 selv om han har en personlig rekord at jagte.<\/p>\n<p>&#8211; Om jeg g\u00e5r forbi, er et godt sp\u00f8rgsm\u00e5l. Det kan godt v\u00e6re, at jeg lige tager en pause og hilser p\u00e5. Jeg gl\u00e6der mig i hvert fald til at opleve stemningen, siger han og ser fremad til l\u00f8rdag:<\/p>\n<p>&#8211; Det kan sagtens v\u00e6re, at jeg lige stopper og bruger et minut eller to p\u00e5 at spise en myslibar.<\/p>\n<p>&nbsp;<\/p>\n<h5>L\u00c6S OGS\u00c5:<\/h5>\n<h5>7\/9-2023: <a href=\"https:\/\/kunmedierne.dk\/mors\/varmen-truer-loeberne-mors-100-miles-beder-morsingboerne-om-hjaelp\/\">Varmen truer l\u00f8berne: Mors 100 Miles beder morsingboerne om hj\u00e6lp<\/a><\/h5>\n<h5>6\/9-2023: <a href=\"https:\/\/kunmedierne.dk\/mors-100-miles-favorit-med-vild-udmelding-superdag-kan-bringe-ham-under-13-timer\/\">Mors 100 Miles-favorit med vild udmelding: Superdag kan bringe ham under 13 timer!<\/a><\/h5>\n<h5>5\/9-2023: <a href=\"https:\/\/kunmedierne.dk\/mors\/naar-man-kan-feste-i-andre-byer-kan-man-selvfoelgelig-ogsaa-i-sundby\/\">N\u00e5r man kan feste i andre byer, kan man selvf\u00f8lgelig ogs\u00e5 i Sundby<\/a><\/h5>\n<h5>11\/9-2022: <a href=\"https:\/\/kunmedierne.dk\/mors\/jacob-justesen-de-sidste-to-kilometer-var-jeg-en-zombie\/\">Jacob Justesen: &#8220;De sidste to kilometer var jeg en zombie&#8221;<\/a><\/h5>\n","protected":false},"excerpt":{"rendered":"<p>SUNDBY: Der skal mere end varmegrader til at sl\u00e5 en rutineret ultral\u00f8ber ud af kurs. Det er Jacob Justesen et bevis p\u00e5. Den 33-\u00e5rige morsingbo, der to gange tidligere har v\u00e6ret p\u00e5 podiet i det barske l\u00f8b p\u00e5 Mors, f\u00f8ler sig klar til at g\u00e5 efter ny personlig rekord, n\u00e5r det p\u00e5 l\u00f8rdag g\u00e5r l\u00f8s [&hellip;]<\/p>\n","protected":false},"author":8,"featured_media":101489,"comment_status":"closed","ping_status":"open","sticky":false,"template":"","format":"standard","meta":{"_acf_changed":false,"footnotes":""},"categories":[242,53],"tags":[163],"class_list":["post-101486","post","type-post","status-publish","format-standard","has-post-thumbnail","hentry","category-fokus-paa-sundby","category-sport","tag-mors-100-miles"],"acf":[],"yoast_head":"<!-- This site is optimized with the Yoast SEO plugin v26.8 - https:\/\/yoast.com\/product\/yoast-seo-wordpress\/ -->\n<title>Sundbys store h\u00e5b: Jacob Justesen gl\u00e6der sig til m\u00f8det med hjembyen - Mors<\/title>\n<meta name=\"robots\" content=\"index, follow, max-snippet:-1, max-image-preview:large, max-video-preview:-1\" \/>\n<link rel=\"canonical\" href=\"https:\/\/kunmedierne.dk\/mors\/sundbys-store-haab-jacob-justesen-glaeder-sig-til-moedet-med-hjembyen\/\" \/>\n<meta property=\"og:locale\" content=\"da_DK\" \/>\n<meta property=\"og:type\" content=\"article\" \/>\n<meta property=\"og:title\" content=\"Sundbys store h\u00e5b: Jacob Justesen gl\u00e6der sig til m\u00f8det med hjembyen - Mors\" \/>\n<meta property=\"og:description\" content=\"SUNDBY: Der skal mere end varmegrader til at sl\u00e5 en rutineret ultral\u00f8ber ud af kurs. Det er Jacob Justesen et bevis p\u00e5. Den 33-\u00e5rige morsingbo, der to gange tidligere har v\u00e6ret p\u00e5 podiet i det barske l\u00f8b p\u00e5 Mors, f\u00f8ler sig klar til at g\u00e5 efter ny personlig rekord, n\u00e5r det p\u00e5 l\u00f8rdag g\u00e5r l\u00f8s [&hellip;]\" \/>\n<meta property=\"og:url\" content=\"https:\/\/kunmedierne.dk\/mors\/sundbys-store-haab-jacob-justesen-glaeder-sig-til-moedet-med-hjembyen\/\" \/>\n<meta property=\"og:site_name\" content=\"Mors\" \/>\n<meta property=\"article:published_time\" content=\"2023-09-07T17:25:08+00:00\" \/>\n<meta property=\"article:modified_time\" content=\"2024-08-12T11:11:55+00:00\" \/>\n<meta property=\"og:image\" content=\"https:\/\/kunmedierne.dk\/mors\/wp-content\/uploads\/2023\/09\/jacob-justesen.jpg\" \/>\n\t<meta property=\"og:image:width\" content=\"770\" \/>\n\t<meta property=\"og:image:height\" content=\"513\" \/>\n\t<meta property=\"og:image:type\" content=\"image\/jpeg\" \/>\n<meta name=\"author\" content=\"David H\u00f8jmark\" \/>\n<meta name=\"twitter:card\" content=\"summary_large_image\" \/>\n<meta name=\"twitter:label1\" content=\"Skrevet af\" \/>\n\t<meta name=\"twitter:data1\" content=\"David H\u00f8jmark\" \/>\n\t<meta name=\"twitter:label2\" content=\"Estimeret l\u00e6setid\" \/>\n\t<meta name=\"twitter:data2\" content=\"6 minutter\" \/>\n<script type=\"application\/ld+json\" class=\"yoast-schema-graph\">{\"@context\":\"https:\/\/schema.org\",\"@graph\":[{\"@type\":\"Article\",\"@id\":\"https:\/\/kunmedierne.dk\/mors\/sundbys-store-haab-jacob-justesen-glaeder-sig-til-moedet-med-hjembyen\/#article\",\"isPartOf\":{\"@id\":\"https:\/\/kunmedierne.dk\/mors\/sundbys-store-haab-jacob-justesen-glaeder-sig-til-moedet-med-hjembyen\/\"},\"author\":{\"name\":\"David H\u00f8jmark\",\"@id\":\"https:\/\/kunmedierne.dk\/mors\/#\/schema\/person\/5fe23251bf1d0abbcdc6f7896579d548\"},\"headline\":\"Sundbys store h\u00e5b: Jacob Justesen gl\u00e6der sig til m\u00f8det med hjembyen\",\"datePublished\":\"2023-09-07T17:25:08+00:00\",\"dateModified\":\"2024-08-12T11:11:55+00:00\",\"mainEntityOfPage\":{\"@id\":\"https:\/\/kunmedierne.dk\/mors\/sundbys-store-haab-jacob-justesen-glaeder-sig-til-moedet-med-hjembyen\/\"},\"wordCount\":1113,\"publisher\":{\"@id\":\"https:\/\/kunmedierne.dk\/mors\/#organization\"},\"image\":{\"@id\":\"https:\/\/kunmedierne.dk\/mors\/sundbys-store-haab-jacob-justesen-glaeder-sig-til-moedet-med-hjembyen\/#primaryimage\"},\"thumbnailUrl\":\"https:\/\/kunmedierne.dk\/mors\/wp-content\/uploads\/2023\/09\/jacob-justesen.jpg\",\"keywords\":[\"Mors 100 Miles\"],\"articleSection\":[\"Fokus p\u00e5 Sundby\",\"Sport\"],\"inLanguage\":\"da-DK\"},{\"@type\":\"WebPage\",\"@id\":\"https:\/\/kunmedierne.dk\/mors\/sundbys-store-haab-jacob-justesen-glaeder-sig-til-moedet-med-hjembyen\/\",\"url\":\"https:\/\/kunmedierne.dk\/mors\/sundbys-store-haab-jacob-justesen-glaeder-sig-til-moedet-med-hjembyen\/\",\"name\":\"Sundbys store h\u00e5b: Jacob Justesen gl\u00e6der sig til m\u00f8det med hjembyen - Mors\",\"isPartOf\":{\"@id\":\"https:\/\/kunmedierne.dk\/mors\/#website\"},\"primaryImageOfPage\":{\"@id\":\"https:\/\/kunmedierne.dk\/mors\/sundbys-store-haab-jacob-justesen-glaeder-sig-til-moedet-med-hjembyen\/#primaryimage\"},\"image\":{\"@id\":\"https:\/\/kunmedierne.dk\/mors\/sundbys-store-haab-jacob-justesen-glaeder-sig-til-moedet-med-hjembyen\/#primaryimage\"},\"thumbnailUrl\":\"https:\/\/kunmedierne.dk\/mors\/wp-content\/uploads\/2023\/09\/jacob-justesen.jpg\",\"datePublished\":\"2023-09-07T17:25:08+00:00\",\"dateModified\":\"2024-08-12T11:11:55+00:00\",\"breadcrumb\":{\"@id\":\"https:\/\/kunmedierne.dk\/mors\/sundbys-store-haab-jacob-justesen-glaeder-sig-til-moedet-med-hjembyen\/#breadcrumb\"},\"inLanguage\":\"da-DK\",\"potentialAction\":[{\"@type\":\"ReadAction\",\"target\":[\"https:\/\/kunmedierne.dk\/mors\/sundbys-store-haab-jacob-justesen-glaeder-sig-til-moedet-med-hjembyen\/\"]}]},{\"@type\":\"ImageObject\",\"inLanguage\":\"da-DK\",\"@id\":\"https:\/\/kunmedierne.dk\/mors\/sundbys-store-haab-jacob-justesen-glaeder-sig-til-moedet-med-hjembyen\/#primaryimage\",\"url\":\"https:\/\/kunmedierne.dk\/mors\/wp-content\/uploads\/2023\/09\/jacob-justesen.jpg\",\"contentUrl\":\"https:\/\/kunmedierne.dk\/mors\/wp-content\/uploads\/2023\/09\/jacob-justesen.jpg\",\"width\":770,\"height\":513,\"caption\":\"Jacob Justesen under pr\u00e6mieoverr\u00e6kkelsen efter Mors 100 Miles 2022.\"},{\"@type\":\"BreadcrumbList\",\"@id\":\"https:\/\/kunmedierne.dk\/mors\/sundbys-store-haab-jacob-justesen-glaeder-sig-til-moedet-med-hjembyen\/#breadcrumb\",\"itemListElement\":[{\"@type\":\"ListItem\",\"position\":1,\"name\":\"Hjem\",\"item\":\"https:\/\/kunmedierne.dk\/mors\/\"},{\"@type\":\"ListItem\",\"position\":2,\"name\":\"Sundbys store h\u00e5b: Jacob Justesen gl\u00e6der sig til m\u00f8det med hjembyen\"}]},{\"@type\":\"WebSite\",\"@id\":\"https:\/\/kunmedierne.dk\/mors\/#website\",\"url\":\"https:\/\/kunmedierne.dk\/mors\/\",\"name\":\"Mors\",\"description\":\"et netmedie med journalistik om livet p\u00e5 Mors\",\"publisher\":{\"@id\":\"https:\/\/kunmedierne.dk\/mors\/#organization\"},\"potentialAction\":[{\"@type\":\"SearchAction\",\"target\":{\"@type\":\"EntryPoint\",\"urlTemplate\":\"https:\/\/kunmedierne.dk\/mors\/?s={search_term_string}\"},\"query-input\":{\"@type\":\"PropertyValueSpecification\",\"valueRequired\":true,\"valueName\":\"search_term_string\"}}],\"inLanguage\":\"da-DK\"},{\"@type\":\"Organization\",\"@id\":\"https:\/\/kunmedierne.dk\/mors\/#organization\",\"name\":\"Mors\",\"url\":\"https:\/\/kunmedierne.dk\/mors\/\",\"logo\":{\"@type\":\"ImageObject\",\"inLanguage\":\"da-DK\",\"@id\":\"https:\/\/kunmedierne.dk\/mors\/#\/schema\/logo\/image\/\",\"url\":\"https:\/\/kunmedierne.dk\/mors\/wp-content\/uploads\/2024\/08\/kunmors-logo.svg\",\"contentUrl\":\"https:\/\/kunmedierne.dk\/mors\/wp-content\/uploads\/2024\/08\/kunmors-logo.svg\",\"caption\":\"Mors\"},\"image\":{\"@id\":\"https:\/\/kunmedierne.dk\/mors\/#\/schema\/logo\/image\/\"}},{\"@type\":\"Person\",\"@id\":\"https:\/\/kunmedierne.dk\/mors\/#\/schema\/person\/5fe23251bf1d0abbcdc6f7896579d548\",\"name\":\"David H\u00f8jmark\",\"image\":{\"@type\":\"ImageObject\",\"inLanguage\":\"da-DK\",\"@id\":\"https:\/\/kunmedierne.dk\/mors\/#\/schema\/person\/image\/\",\"url\":\"https:\/\/secure.gravatar.com\/avatar\/4315d6fb9ef244d729989f5f90268eb08d5bf8a3d84402f595fa194bb35784fd?s=96&d=mm&r=g\",\"contentUrl\":\"https:\/\/secure.gravatar.com\/avatar\/4315d6fb9ef244d729989f5f90268eb08d5bf8a3d84402f595fa194bb35784fd?s=96&d=mm&r=g\",\"caption\":\"David H\u00f8jmark\"},\"sameAs\":[\"https:\/\/www.kunmedierne.dk\"],\"url\":\"https:\/\/kunmedierne.dk\/mors\/author\/david\/\"}]}<\/script>\n<!-- \/ Yoast SEO plugin. -->","yoast_head_json":{"title":"Sundbys store h\u00e5b: Jacob Justesen gl\u00e6der sig til m\u00f8det med hjembyen - Mors","robots":{"index":"index","follow":"follow","max-snippet":"max-snippet:-1","max-image-preview":"max-image-preview:large","max-video-preview":"max-video-preview:-1"},"canonical":"https:\/\/kunmedierne.dk\/mors\/sundbys-store-haab-jacob-justesen-glaeder-sig-til-moedet-med-hjembyen\/","og_locale":"da_DK","og_type":"article","og_title":"Sundbys store h\u00e5b: Jacob Justesen gl\u00e6der sig til m\u00f8det med hjembyen - Mors","og_description":"SUNDBY: Der skal mere end varmegrader til at sl\u00e5 en rutineret ultral\u00f8ber ud af kurs. Det er Jacob Justesen et bevis p\u00e5. Den 33-\u00e5rige morsingbo, der to gange tidligere har v\u00e6ret p\u00e5 podiet i det barske l\u00f8b p\u00e5 Mors, f\u00f8ler sig klar til at g\u00e5 efter ny personlig rekord, n\u00e5r det p\u00e5 l\u00f8rdag g\u00e5r l\u00f8s [&hellip;]","og_url":"https:\/\/kunmedierne.dk\/mors\/sundbys-store-haab-jacob-justesen-glaeder-sig-til-moedet-med-hjembyen\/","og_site_name":"Mors","article_published_time":"2023-09-07T17:25:08+00:00","article_modified_time":"2024-08-12T11:11:55+00:00","og_image":[{"width":770,"height":513,"url":"https:\/\/kunmedierne.dk\/mors\/wp-content\/uploads\/2023\/09\/jacob-justesen.jpg","type":"image\/jpeg"}],"author":"David H\u00f8jmark","twitter_card":"summary_large_image","twitter_misc":{"Skrevet af":"David H\u00f8jmark","Estimeret l\u00e6setid":"6 minutter"},"schema":{"@context":"https:\/\/schema.org","@graph":[{"@type":"Article","@id":"https:\/\/kunmedierne.dk\/mors\/sundbys-store-haab-jacob-justesen-glaeder-sig-til-moedet-med-hjembyen\/#article","isPartOf":{"@id":"https:\/\/kunmedierne.dk\/mors\/sundbys-store-haab-jacob-justesen-glaeder-sig-til-moedet-med-hjembyen\/"},"author":{"name":"David H\u00f8jmark","@id":"https:\/\/kunmedierne.dk\/mors\/#\/schema\/person\/5fe23251bf1d0abbcdc6f7896579d548"},"headline":"Sundbys store h\u00e5b: Jacob Justesen gl\u00e6der sig til m\u00f8det med hjembyen","datePublished":"2023-09-07T17:25:08+00:00","dateModified":"2024-08-12T11:11:55+00:00","mainEntityOfPage":{"@id":"https:\/\/kunmedierne.dk\/mors\/sundbys-store-haab-jacob-justesen-glaeder-sig-til-moedet-med-hjembyen\/"},"wordCount":1113,"publisher":{"@id":"https:\/\/kunmedierne.dk\/mors\/#organization"},"image":{"@id":"https:\/\/kunmedierne.dk\/mors\/sundbys-store-haab-jacob-justesen-glaeder-sig-til-moedet-med-hjembyen\/#primaryimage"},"thumbnailUrl":"https:\/\/kunmedierne.dk\/mors\/wp-content\/uploads\/2023\/09\/jacob-justesen.jpg","keywords":["Mors 100 Miles"],"articleSection":["Fokus p\u00e5 Sundby","Sport"],"inLanguage":"da-DK"},{"@type":"WebPage","@id":"https:\/\/kunmedierne.dk\/mors\/sundbys-store-haab-jacob-justesen-glaeder-sig-til-moedet-med-hjembyen\/","url":"https:\/\/kunmedierne.dk\/mors\/sundbys-store-haab-jacob-justesen-glaeder-sig-til-moedet-med-hjembyen\/","name":"Sundbys store h\u00e5b: Jacob Justesen gl\u00e6der sig til m\u00f8det med hjembyen - Mors","isPartOf":{"@id":"https:\/\/kunmedierne.dk\/mors\/#website"},"primaryImageOfPage":{"@id":"https:\/\/kunmedierne.dk\/mors\/sundbys-store-haab-jacob-justesen-glaeder-sig-til-moedet-med-hjembyen\/#primaryimage"},"image":{"@id":"https:\/\/kunmedierne.dk\/mors\/sundbys-store-haab-jacob-justesen-glaeder-sig-til-moedet-med-hjembyen\/#primaryimage"},"thumbnailUrl":"https:\/\/kunmedierne.dk\/mors\/wp-content\/uploads\/2023\/09\/jacob-justesen.jpg","datePublished":"2023-09-07T17:25:08+00:00","dateModified":"2024-08-12T11:11:55+00:00","breadcrumb":{"@id":"https:\/\/kunmedierne.dk\/mors\/sundbys-store-haab-jacob-justesen-glaeder-sig-til-moedet-med-hjembyen\/#breadcrumb"},"inLanguage":"da-DK","potentialAction":[{"@type":"ReadAction","target":["https:\/\/kunmedierne.dk\/mors\/sundbys-store-haab-jacob-justesen-glaeder-sig-til-moedet-med-hjembyen\/"]}]},{"@type":"ImageObject","inLanguage":"da-DK","@id":"https:\/\/kunmedierne.dk\/mors\/sundbys-store-haab-jacob-justesen-glaeder-sig-til-moedet-med-hjembyen\/#primaryimage","url":"https:\/\/kunmedierne.dk\/mors\/wp-content\/uploads\/2023\/09\/jacob-justesen.jpg","contentUrl":"https:\/\/kunmedierne.dk\/mors\/wp-content\/uploads\/2023\/09\/jacob-justesen.jpg","width":770,"height":513,"caption":"Jacob Justesen under pr\u00e6mieoverr\u00e6kkelsen efter Mors 100 Miles 2022."},{"@type":"BreadcrumbList","@id":"https:\/\/kunmedierne.dk\/mors\/sundbys-store-haab-jacob-justesen-glaeder-sig-til-moedet-med-hjembyen\/#breadcrumb","itemListElement":[{"@type":"ListItem","position":1,"name":"Hjem","item":"https:\/\/kunmedierne.dk\/mors\/"},{"@type":"ListItem","position":2,"name":"Sundbys store h\u00e5b: Jacob Justesen gl\u00e6der sig til m\u00f8det med hjembyen"}]},{"@type":"WebSite","@id":"https:\/\/kunmedierne.dk\/mors\/#website","url":"https:\/\/kunmedierne.dk\/mors\/","name":"Mors","description":"et netmedie med journalistik om livet p\u00e5 Mors","publisher":{"@id":"https:\/\/kunmedierne.dk\/mors\/#organization"},"potentialAction":[{"@type":"SearchAction","target":{"@type":"EntryPoint","urlTemplate":"https:\/\/kunmedierne.dk\/mors\/?s={search_term_string}"},"query-input":{"@type":"PropertyValueSpecification","valueRequired":true,"valueName":"search_term_string"}}],"inLanguage":"da-DK"},{"@type":"Organization","@id":"https:\/\/kunmedierne.dk\/mors\/#organization","name":"Mors","url":"https:\/\/kunmedierne.dk\/mors\/","logo":{"@type":"ImageObject","inLanguage":"da-DK","@id":"https:\/\/kunmedierne.dk\/mors\/#\/schema\/logo\/image\/","url":"https:\/\/kunmedierne.dk\/mors\/wp-content\/uploads\/2024\/08\/kunmors-logo.svg","contentUrl":"https:\/\/kunmedierne.dk\/mors\/wp-content\/uploads\/2024\/08\/kunmors-logo.svg","caption":"Mors"},"image":{"@id":"https:\/\/kunmedierne.dk\/mors\/#\/schema\/logo\/image\/"}},{"@type":"Person","@id":"https:\/\/kunmedierne.dk\/mors\/#\/schema\/person\/5fe23251bf1d0abbcdc6f7896579d548","name":"David H\u00f8jmark","image":{"@type":"ImageObject","inLanguage":"da-DK","@id":"https:\/\/kunmedierne.dk\/mors\/#\/schema\/person\/image\/","url":"https:\/\/secure.gravatar.com\/avatar\/4315d6fb9ef244d729989f5f90268eb08d5bf8a3d84402f595fa194bb35784fd?s=96&d=mm&r=g","contentUrl":"https:\/\/secure.gravatar.com\/avatar\/4315d6fb9ef244d729989f5f90268eb08d5bf8a3d84402f595fa194bb35784fd?s=96&d=mm&r=g","caption":"David H\u00f8jmark"},"sameAs":["https:\/\/www.kunmedierne.dk"],"url":"https:\/\/kunmedierne.dk\/mors\/author\/david\/"}]}},"_links":{"self":[{"href":"https:\/\/kunmedierne.dk\/mors\/wp-json\/wp\/v2\/posts\/101486","targetHints":{"allow":["GET"]}}],"collection":[{"href":"https:\/\/kunmedierne.dk\/mors\/wp-json\/wp\/v2\/posts"}],"about":[{"href":"https:\/\/kunmedierne.dk\/mors\/wp-json\/wp\/v2\/types\/post"}],"author":[{"embeddable":true,"href":"https:\/\/kunmedierne.dk\/mors\/wp-json\/wp\/v2\/users\/8"}],"replies":[{"embeddable":true,"href":"https:\/\/kunmedierne.dk\/mors\/wp-json\/wp\/v2\/comments?post=101486"}],"version-history":[{"count":2,"href":"https:\/\/kunmedierne.dk\/mors\/wp-json\/wp\/v2\/posts\/101486\/revisions"}],"predecessor-version":[{"id":101488,"href":"https:\/\/kunmedierne.dk\/mors\/wp-json\/wp\/v2\/posts\/101486\/revisions\/101488"}],"wp:featuredmedia":[{"embeddable":true,"href":"https:\/\/kunmedierne.dk\/mors\/wp-json\/wp\/v2\/media\/101489"}],"wp:attachment":[{"href":"https:\/\/kunmedierne.dk\/mors\/wp-json\/wp\/v2\/media?parent=101486"}],"wp:term":[{"taxonomy":"category","embeddable":true,"href":"https:\/\/kunmedierne.dk\/mors\/wp-json\/wp\/v2\/categories?post=101486"},{"taxonomy":"post_tag","embeddable":true,"href":"https:\/\/kunmedierne.dk\/mors\/wp-json\/wp\/v2\/tags?post=101486"}],"curies":[{"name":"wp","href":"https:\/\/api.w.org\/{rel}","templated":true}]}}