{"id":101463,"date":"2023-09-08T14:53:02","date_gmt":"2023-09-08T12:53:02","guid":{"rendered":"https:\/\/kunmedierne.dk\/mors\/?p=101463"},"modified":"2024-08-12T13:11:55","modified_gmt":"2024-08-12T11:11:55","slug":"droemmen-var-at-vores-boern-skulle-gaa-i-skole-her","status":"publish","type":"post","link":"https:\/\/kunmedierne.dk\/mors\/droemmen-var-at-vores-boern-skulle-gaa-i-skole-her\/","title":{"rendered":"&#8220;Dr\u00f8mmen var, at vores b\u00f8rn skulle g\u00e5 i skole her&#8221;"},"content":{"rendered":"<p><b><span data-contrast=\"auto\">SUNDBY:<\/span><\/b><span data-contrast=\"auto\"> I vinduet ind til kontoret st\u00e5r en vissen blomst. Klassev\u00e6relserne er mennesketomme, men m\u00f8blerne st\u00e5r der stadig. Skoleborde og stole. Tavler, tegninger og kridt. Alle de ting der inden sommerferien havde en vigtig funktion\u00a0er blevet efterladt til ingen verdens nytte.<\/span><span data-ccp-props=\"{&quot;201341983&quot;:0,&quot;335551550&quot;:0,&quot;335551620&quot;:0,&quot;335559739&quot;:160,&quot;335559740&quot;:259}\">\u00a0<\/span><\/p>\n<a class=\"dvrt-link\" onClick=\"cdmtrack_click(104781,jQuery(this));return false\" href=\"https:\/\/www.fmspks.dk\/\"><img decoding=\"async\" style=\"width:100%;\" src=\"https:\/\/kunmedierne.dk\/mors\/wp-content\/uploads\/2022\/02\/vip-froeslev-mollerup-sparekasse.jpg\"><\/a><script>cdmtrack_view(104781);<\/script>\n<p><span data-contrast=\"auto\">Op ad den r\u00f8de skolebygning har Emile Maagaard Grange Praderas parkeret sin bl\u00e5 cykel.<\/span><span data-ccp-props=\"{&quot;201341983&quot;:0,&quot;335551550&quot;:0,&quot;335551620&quot;:0,&quot;335559739&quot;:160,&quot;335559740&quot;:259}\">\u00a0<\/span><\/p>\n<p><span data-contrast=\"auto\">Emile er 31 \u00e5r og opvokset i Sundby. Efter flere \u00e5r i \u00c5rhus og K\u00f8benhavn valgte han for fem \u00e5r siden, at flytte tilbage til Sundby med sin kone. Mest fordi hans for\u00e6ldre stadig bor her, men i h\u00f8j grad ogs\u00e5 fordi Sundby Friskole opfyldte dr\u00f8mmene for det b\u00f8rneliv han \u00f8nsker at give til sine b\u00f8rn.<\/span><span data-ccp-props=\"{&quot;201341983&quot;:0,&quot;335551550&quot;:0,&quot;335551620&quot;:0,&quot;335559739&quot;:160,&quot;335559740&quot;:259}\">\u00a0<\/span><\/p>\n<p><span data-contrast=\"auto\">Emile er l\u00e6reruddannet med fagene; matematik, musik og kristendom. P\u00e5 nuv\u00e6rende tidspunkt arbejder han p\u00e5 en friskole i Thy. Han er tilh\u00e6nger af friskole\u00e5nden og de v\u00e6rdier der ligger bag. Fort\u00e6lling, morgensang og det at de store hj\u00e6lper de sm\u00e5.<\/span><span data-ccp-props=\"{&quot;201341983&quot;:0,&quot;335551550&quot;:0,&quot;335551620&quot;:0,&quot;335559739&quot;:160,&quot;335559740&quot;:259}\">\u00a0<\/span><\/p>\n<p><span data-contrast=\"auto\">&#8211; For mig giver friskole\u00e5nden bare mening.<\/span><span data-ccp-props=\"{&quot;201341983&quot;:0,&quot;335551550&quot;:0,&quot;335551620&quot;:0,&quot;335559739&quot;:160,&quot;335559740&quot;:259}\">\u00a0<\/span><\/p>\n<p><span data-contrast=\"auto\">Udover sin k\u00e6rlighed til friskoler, s\u00e5 er Emile far til to. Den yngste g\u00e5r han hjemme med p\u00e5 barsel. Den \u00e6ldste flyttede de fra et b\u00f8rnehus i Thy til Sundby B\u00f8rnehus i for\u00e5ret 2023.<\/span><span data-ccp-props=\"{&quot;201341983&quot;:0,&quot;335551550&quot;:0,&quot;335551620&quot;:0,&quot;335559739&quot;:160,&quot;335559740&quot;:259}\">\u00a0<\/span><\/p>\n<p><span data-contrast=\"auto\">&#8211; Vi vil gerne bakke op om det lokale her, og vi fik en fantastisk modtagelse i Sundby B\u00f8rnehus, fort\u00e6ller Emile.<\/span><span data-ccp-props=\"{&quot;201341983&quot;:0,&quot;335551550&quot;:0,&quot;335551620&quot;:0,&quot;335559739&quot;:160,&quot;335559740&quot;:259}\">\u00a0<\/span><\/p>\n<a class=\"dvrt-link\" onClick=\"cdmtrack_click(104783,jQuery(this));return false\" href=\"https:\/\/konpap.dk\/\"><img decoding=\"async\" style=\"width:100%;\" src=\"https:\/\/kunmedierne.dk\/mors\/wp-content\/uploads\/2023\/10\/Kun-Mors-banner.jpg\"><\/a><script>cdmtrack_view(104783);<\/script>\n<p><span data-contrast=\"auto\">Forn\u00f8jelsen i b\u00f8rnehuset skulle dog vise sig at blive meget kort. Godt to m\u00e5neder efter datteren var k\u00f8rt ind i b\u00f8rnehuset, landede en dyster mail i indbakken. Skolen, og dermed b\u00f8rnehuset, skulle lukke.<\/span><span data-ccp-props=\"{&quot;201341983&quot;:0,&quot;335551550&quot;:0,&quot;335551620&quot;:0,&quot;335559739&quot;:160,&quot;335559740&quot;:259}\">\u00a0<\/span><\/p>\n<p><span data-contrast=\"auto\">&#8211; Vi blev indkaldt til et hastem\u00f8de. Vi vidste jo godt, at s\u00e5dan en mail kunne komme engang i fremtiden, men vi havde ikke troet, at den ville komme s\u00e5 hurtigt.<\/span><span data-ccp-props=\"{&quot;201341983&quot;:0,&quot;335551550&quot;:0,&quot;335551620&quot;:0,&quot;335559739&quot;:160,&quot;335559740&quot;:259}\">\u00a0<\/span><\/p>\n<p><span data-contrast=\"auto\">Emile og hans kone havde ellers besluttet sig for at tr\u00e6de ind i bestyrelsen, for at fors\u00f8ge at f\u00e5 flere b\u00f8rn ind i b\u00f8rnehuset. Men det n\u00e5ede de aldrig. Stedet var en synkende skude allerede da de ankom. Pludselig havde en st\u00f8rre flok b\u00f8rn forladt skolen, og det kombineret med t\u00e5rnh\u00f8je energipriser gjorde at fremtiden blev h\u00e5bl\u00f8s for skoledriften. <\/span><span data-ccp-props=\"{&quot;201341983&quot;:0,&quot;335551550&quot;:0,&quot;335551620&quot;:0,&quot;335559739&quot;:160,&quot;335559740&quot;:259}\">\u00a0<\/span><\/p>\n<p><span data-contrast=\"auto\">&#8211; Vi h\u00e5ber bygningen bliver solgt til nogle, der vil lade b\u00f8rnehuset blive.<\/span><span data-ccp-props=\"{&quot;201341983&quot;:0,&quot;335551550&quot;:0,&quot;335551620&quot;:0,&quot;335559739&quot;:160,&quot;335559740&quot;:259}\">\u00a0<\/span><\/p>\n<p><span data-contrast=\"auto\">Emile har selv g\u00e5et p\u00e5 Sundby Skole, der ret hurtigt blev til Sundby Friskole, da han var barn. Hans mor var primusmotor i den proces. Han husker den familief\u00f8lelse der var p\u00e5 skolen. De var \u00e9n stor familie. Det er den f\u00f8lelse han \u00f8nsker at hans b\u00f8rn skal have, n\u00e5r de g\u00e5r i skole. Han tr\u00e6kker p\u00e5 skuldrende, og kigger rundt p\u00e5 tomheden omkring sig. Han kigger ind i en lille lund af tr\u00e6er, der er plantet p\u00e5 skolens grund. \u00c9t tr\u00e6 for hvert barn, der gennem tiden har taget afgang fra\u00a0skolen.<\/span><span data-ccp-props=\"{&quot;201341983&quot;:0,&quot;335551550&quot;:0,&quot;335551620&quot;:0,&quot;335559739&quot;:160,&quot;335559740&quot;:259}\">\u00a0<\/span><\/p>\n<a class=\"dvrt-link\" onClick=\"cdmtrack_click(104787,jQuery(this));return false\" href=\"https:\/\/www.jyskebank.dk\/kontakt\/afdelingsinfo?departmentid=11890\"><img decoding=\"async\" style=\"width:100%;\" src=\"https:\/\/kunmedierne.dk\/mors\/wp-content\/uploads\/2023\/10\/260325JyskeBankMorsNy-1.jpg\"><\/a><script>cdmtrack_view(104787);<\/script>\n<p><span data-contrast=\"auto\">&#8211; Min barndom var god her i Sundby. Jeg husker en by med lidt mere aktivitet, end der er nu. Jeg kunne cykle til og fra skole, og jeg husker en hverdag fyldt med legeaftaler. Vi kunne g\u00e5 over til hinanden. Det var hyggeligt og meget trygt. Dengang havde vi en bager, to banker og to k\u00f8bm\u00e6nd i byen. Det er jo lidt noget andet nu. En hel skoledag kunne g\u00e5 med at skr\u00e6lle kartofter, og s\u00e5 kom hele byen til f\u00e6llesspisning p\u00e5 skolen. Skolen bandt byen sammen.<\/span><span data-ccp-props=\"{&quot;201341983&quot;:0,&quot;335551550&quot;:0,&quot;335551620&quot;:0,&quot;335559739&quot;:160,&quot;335559740&quot;:259}\">\u00a0<\/span><\/p>\n<p><span data-contrast=\"auto\">Emile mener, at den sidste k\u00f8bmandsbutik lukkede omkring 2013. Han fort\u00e6ller:<\/span><span data-ccp-props=\"{&quot;201341983&quot;:0,&quot;335551550&quot;:0,&quot;335551620&quot;:0,&quot;335559739&quot;:160,&quot;335559740&quot;:259}\">\u00a0<\/span><\/p>\n<p><span data-contrast=\"auto\">&#8211; Det var et stort tab for byen. Det sted vi m\u00f8dtes, var pludselig v\u00e6k. K\u00f8bmanden var et samlingspunkt for byens borgere. Det samme tab oplever vi nu. Det g\u00f8r ikke noget godt for en by, n\u00e5r skolen forsvinder.<\/span><span data-ccp-props=\"{&quot;201341983&quot;:0,&quot;335551550&quot;:0,&quot;335551620&quot;:0,&quot;335559739&quot;:160,&quot;335559740&quot;:259}\">\u00a0<\/span><\/p>\n<p><span data-contrast=\"auto\">Emile kigger p\u00e5 den store b\u00e5lhytte med pizzaovn, der for kort tid siden blev brugt at Sundby Friskoles elever.<\/span><span data-ccp-props=\"{&quot;201341983&quot;:0,&quot;335551550&quot;:0,&quot;335551620&quot;:0,&quot;335559739&quot;:160,&quot;335559740&quot;:259}\">\u00a0<\/span><\/p>\n<p><span data-contrast=\"auto\">&#8211; Den her skolelukning har givet os et gevaldigt hak i tuden. Rent lavpraktisk er det bare noget b\u00f8vl, at vi i fremtiden skal til at k\u00f8re vores b\u00f8rn til en anden by for at de kan komme i skole. Det var ikke det vi forestillede os, da vi flyttede tilbage hertil. Dr\u00f8mmen var, at vores b\u00f8rn skulle g\u00e5 i skole her.<\/span><span data-ccp-props=\"{&quot;201341983&quot;:0,&quot;335551550&quot;:0,&quot;335551620&quot;:0,&quot;335559739&quot;:160,&quot;335559740&quot;:259}\">\u00a0<\/span><\/p>\n<p><span data-contrast=\"auto\">Emile og hans kone har v\u00e6ret ude i mange fremtidsovervejelser. Skal de flytte? Skal de fors\u00f8ge at f\u00e5 gang i skolen igen? Skal de ligefrem k\u00f8be skolen?<\/span><span data-ccp-props=\"{&quot;201341983&quot;:0,&quot;335551550&quot;:0,&quot;335551620&quot;:0,&quot;335559739&quot;:160,&quot;335559740&quot;:259}\">\u00a0<\/span><\/p>\n<p><span data-contrast=\"auto\">&#8211; Ligenu er det faktisk kun b\u00f8rnehuset og mine for\u00e6ldre, der holder os til byen. Vi arbejder begge to i Thy, og n\u00e5r der ingen skole er her, s\u00e5 ligger det lige til h\u00f8jrebenet at flytte v\u00e6k.<\/span><span data-ccp-props=\"{&quot;201341983&quot;:0,&quot;335551550&quot;:0,&quot;335551620&quot;:0,&quot;335559739&quot;:160,&quot;335559740&quot;:259}\">\u00a0<\/span><\/p>\n<a class=\"dvrt-link\" onClick=\"cdmtrack_click(104783,jQuery(this));return false\" href=\"https:\/\/konpap.dk\/\"><img decoding=\"async\" style=\"width:100%;\" src=\"https:\/\/kunmedierne.dk\/mors\/wp-content\/uploads\/2023\/10\/Kun-Mors-banner.jpg\"><\/a><script>cdmtrack_view(104783);<\/script>\n<p><span data-contrast=\"auto\">Selvom lukningen af Sundby Friskole ikke g\u00f8r noget godt for byen, s\u00e5 ser Emile alligevel positivt p\u00e5 fremtiden. Han slutter med at sige:<\/span><span data-ccp-props=\"{&quot;201341983&quot;:0,&quot;335551550&quot;:0,&quot;335551620&quot;:0,&quot;335559739&quot;:160,&quot;335559740&quot;:259}\">\u00a0<\/span><\/p>\n<p><span data-contrast=\"auto\">&#8211; B\u00f8rnehuset overlevede jo, og det g\u00e5r faktisk rigtig godt. Vi har 40-50 b\u00f8rn i Sundby, s\u00e5 fundamentet for en skole er her faktisk. Jeg har t\u00e6nkt p\u00e5, om jeg skulle banke noget nyt op fra bunden, selvom det nok bliver utroligt sv\u00e6rt.<\/span><span data-ccp-props=\"{&quot;201341983&quot;:0,&quot;335551550&quot;:0,&quot;335551620&quot;:0,&quot;335559739&quot;:160,&quot;335559740&quot;:259}\">\u00a0<\/span><\/p>\n<p><span data-contrast=\"auto\">I bunden af grunden ligger en lille s\u00f8 fyldt med andemad, nedfaldsblade og dunhammere. Alt ved denne lille plet er skr\u00e6ddersyet b\u00f8rn, fantasi og leg. Emile tager sin bl\u00e5 cykel, og triller hjem igen. Hvad fremtiden vil bringe, m\u00e5 tiden vise. <\/span><span data-ccp-props=\"{&quot;201341983&quot;:0,&quot;335551550&quot;:0,&quot;335551620&quot;:0,&quot;335559739&quot;:160,&quot;335559740&quot;:259}\">\u00a0<\/span><\/p>\n<p><img loading=\"lazy\" decoding=\"async\" class=\"alignnone size-full wp-image-101548\" src=\"https:\/\/kunmedierne.dk\/mors\/wp-content\/uploads\/2023\/09\/IMG_2350-scaled.jpg\" alt=\"\" width=\"1707\" height=\"2560\" srcset=\"https:\/\/kunmedierne.dk\/mors\/wp-content\/uploads\/2023\/09\/IMG_2350-scaled.jpg 1707w, https:\/\/kunmedierne.dk\/mors\/wp-content\/uploads\/2023\/09\/IMG_2350-200x300.jpg 200w, https:\/\/kunmedierne.dk\/mors\/wp-content\/uploads\/2023\/09\/IMG_2350-683x1024.jpg 683w, https:\/\/kunmedierne.dk\/mors\/wp-content\/uploads\/2023\/09\/IMG_2350-768x1152.jpg 768w, https:\/\/kunmedierne.dk\/mors\/wp-content\/uploads\/2023\/09\/IMG_2350-1024x1536.jpg 1024w, https:\/\/kunmedierne.dk\/mors\/wp-content\/uploads\/2023\/09\/IMG_2350-1365x2048.jpg 1365w, https:\/\/kunmedierne.dk\/mors\/wp-content\/uploads\/2023\/09\/IMG_2350-600x900.jpg 600w\" sizes=\"auto, (max-width: 1707px) 100vw, 1707px\" \/><\/p>\n<p><img loading=\"lazy\" decoding=\"async\" class=\"alignnone size-full wp-image-101549\" src=\"https:\/\/kunmedierne.dk\/mors\/wp-content\/uploads\/2023\/09\/IMG_2353-scaled.jpg\" alt=\"\" width=\"2560\" height=\"1707\" srcset=\"https:\/\/kunmedierne.dk\/mors\/wp-content\/uploads\/2023\/09\/IMG_2353-scaled.jpg 2560w, https:\/\/kunmedierne.dk\/mors\/wp-content\/uploads\/2023\/09\/IMG_2353-300x200.jpg 300w, https:\/\/kunmedierne.dk\/mors\/wp-content\/uploads\/2023\/09\/IMG_2353-1024x683.jpg 1024w, https:\/\/kunmedierne.dk\/mors\/wp-content\/uploads\/2023\/09\/IMG_2353-768x512.jpg 768w, https:\/\/kunmedierne.dk\/mors\/wp-content\/uploads\/2023\/09\/IMG_2353-1536x1024.jpg 1536w, https:\/\/kunmedierne.dk\/mors\/wp-content\/uploads\/2023\/09\/IMG_2353-2048x1365.jpg 2048w, https:\/\/kunmedierne.dk\/mors\/wp-content\/uploads\/2023\/09\/IMG_2353-360x240.jpg 360w, https:\/\/kunmedierne.dk\/mors\/wp-content\/uploads\/2023\/09\/IMG_2353-600x400.jpg 600w\" sizes=\"auto, (max-width: 2560px) 100vw, 2560px\" \/><\/p>\n<blockquote>\n<h4>INFO:<\/h4>\n<h5>Friskoleforeningen har overtaget bygningen, som eftersigende er tilslag.<\/h5>\n<\/blockquote>\n","protected":false},"excerpt":{"rendered":"<p>SUNDBY: I vinduet ind til kontoret st\u00e5r en vissen blomst. Klassev\u00e6relserne er mennesketomme, men m\u00f8blerne st\u00e5r der stadig. Skoleborde og stole. Tavler, tegninger og kridt. Alle de ting der inden sommerferien havde en vigtig funktion\u00a0er blevet efterladt til ingen verdens nytte.\u00a0 Op ad den r\u00f8de skolebygning har Emile Maagaard Grange Praderas parkeret sin bl\u00e5 cykel.\u00a0 [&hellip;]<\/p>\n","protected":false},"author":2507,"featured_media":101544,"comment_status":"closed","ping_status":"open","sticky":false,"template":"","format":"standard","meta":{"_acf_changed":false,"footnotes":""},"categories":[242,51],"tags":[],"class_list":["post-101463","post","type-post","status-publish","format-standard","has-post-thumbnail","hentry","category-fokus-paa-sundby","category-lokalt"],"acf":[],"yoast_head":"<!-- This site is optimized with the Yoast SEO plugin v26.8 - https:\/\/yoast.com\/product\/yoast-seo-wordpress\/ -->\n<title>&quot;Dr\u00f8mmen var, at vores b\u00f8rn skulle g\u00e5 i skole her&quot; - Mors<\/title>\n<meta name=\"robots\" content=\"index, follow, max-snippet:-1, max-image-preview:large, max-video-preview:-1\" \/>\n<link rel=\"canonical\" href=\"https:\/\/kunmedierne.dk\/mors\/droemmen-var-at-vores-boern-skulle-gaa-i-skole-her\/\" \/>\n<meta property=\"og:locale\" content=\"da_DK\" \/>\n<meta property=\"og:type\" content=\"article\" \/>\n<meta property=\"og:title\" content=\"&quot;Dr\u00f8mmen var, at vores b\u00f8rn skulle g\u00e5 i skole her&quot; - Mors\" \/>\n<meta property=\"og:description\" content=\"SUNDBY: I vinduet ind til kontoret st\u00e5r en vissen blomst. Klassev\u00e6relserne er mennesketomme, men m\u00f8blerne st\u00e5r der stadig. Skoleborde og stole. Tavler, tegninger og kridt. Alle de ting der inden sommerferien havde en vigtig funktion\u00a0er blevet efterladt til ingen verdens nytte.\u00a0 Op ad den r\u00f8de skolebygning har Emile Maagaard Grange Praderas parkeret sin bl\u00e5 cykel.\u00a0 [&hellip;]\" \/>\n<meta property=\"og:url\" content=\"https:\/\/kunmedierne.dk\/mors\/droemmen-var-at-vores-boern-skulle-gaa-i-skole-her\/\" \/>\n<meta property=\"og:site_name\" content=\"Mors\" \/>\n<meta property=\"article:published_time\" content=\"2023-09-08T12:53:02+00:00\" \/>\n<meta property=\"article:modified_time\" content=\"2024-08-12T11:11:55+00:00\" \/>\n<meta property=\"og:image\" content=\"https:\/\/kunmedierne.dk\/mors\/wp-content\/uploads\/2023\/09\/IMG_2347-scaled.jpg\" \/>\n\t<meta property=\"og:image:width\" content=\"2560\" \/>\n\t<meta property=\"og:image:height\" content=\"1707\" \/>\n\t<meta property=\"og:image:type\" content=\"image\/jpeg\" \/>\n<meta name=\"author\" content=\"Katrine Hedegaard\" \/>\n<meta name=\"twitter:card\" content=\"summary_large_image\" \/>\n<meta name=\"twitter:label1\" content=\"Skrevet af\" \/>\n\t<meta name=\"twitter:data1\" content=\"Katrine Hedegaard\" \/>\n\t<meta name=\"twitter:label2\" content=\"Estimeret l\u00e6setid\" \/>\n\t<meta name=\"twitter:data2\" content=\"5 minutter\" \/>\n<script type=\"application\/ld+json\" class=\"yoast-schema-graph\">{\"@context\":\"https:\/\/schema.org\",\"@graph\":[{\"@type\":\"Article\",\"@id\":\"https:\/\/kunmedierne.dk\/mors\/droemmen-var-at-vores-boern-skulle-gaa-i-skole-her\/#article\",\"isPartOf\":{\"@id\":\"https:\/\/kunmedierne.dk\/mors\/droemmen-var-at-vores-boern-skulle-gaa-i-skole-her\/\"},\"author\":{\"name\":\"Katrine Hedegaard\",\"@id\":\"https:\/\/kunmedierne.dk\/mors\/#\/schema\/person\/b2e62a38069b12365e53e087a8709c64\"},\"headline\":\"&#8220;Dr\u00f8mmen var, at vores b\u00f8rn skulle g\u00e5 i skole her&#8221;\",\"datePublished\":\"2023-09-08T12:53:02+00:00\",\"dateModified\":\"2024-08-12T11:11:55+00:00\",\"mainEntityOfPage\":{\"@id\":\"https:\/\/kunmedierne.dk\/mors\/droemmen-var-at-vores-boern-skulle-gaa-i-skole-her\/\"},\"wordCount\":947,\"publisher\":{\"@id\":\"https:\/\/kunmedierne.dk\/mors\/#organization\"},\"image\":{\"@id\":\"https:\/\/kunmedierne.dk\/mors\/droemmen-var-at-vores-boern-skulle-gaa-i-skole-her\/#primaryimage\"},\"thumbnailUrl\":\"https:\/\/kunmedierne.dk\/mors\/wp-content\/uploads\/2023\/09\/IMG_2347-scaled.jpg\",\"articleSection\":[\"Fokus p\u00e5 Sundby\",\"Lokalt\"],\"inLanguage\":\"da-DK\"},{\"@type\":\"WebPage\",\"@id\":\"https:\/\/kunmedierne.dk\/mors\/droemmen-var-at-vores-boern-skulle-gaa-i-skole-her\/\",\"url\":\"https:\/\/kunmedierne.dk\/mors\/droemmen-var-at-vores-boern-skulle-gaa-i-skole-her\/\",\"name\":\"\\\"Dr\u00f8mmen var, at vores b\u00f8rn skulle g\u00e5 i skole her\\\" - Mors\",\"isPartOf\":{\"@id\":\"https:\/\/kunmedierne.dk\/mors\/#website\"},\"primaryImageOfPage\":{\"@id\":\"https:\/\/kunmedierne.dk\/mors\/droemmen-var-at-vores-boern-skulle-gaa-i-skole-her\/#primaryimage\"},\"image\":{\"@id\":\"https:\/\/kunmedierne.dk\/mors\/droemmen-var-at-vores-boern-skulle-gaa-i-skole-her\/#primaryimage\"},\"thumbnailUrl\":\"https:\/\/kunmedierne.dk\/mors\/wp-content\/uploads\/2023\/09\/IMG_2347-scaled.jpg\",\"datePublished\":\"2023-09-08T12:53:02+00:00\",\"dateModified\":\"2024-08-12T11:11:55+00:00\",\"breadcrumb\":{\"@id\":\"https:\/\/kunmedierne.dk\/mors\/droemmen-var-at-vores-boern-skulle-gaa-i-skole-her\/#breadcrumb\"},\"inLanguage\":\"da-DK\",\"potentialAction\":[{\"@type\":\"ReadAction\",\"target\":[\"https:\/\/kunmedierne.dk\/mors\/droemmen-var-at-vores-boern-skulle-gaa-i-skole-her\/\"]}]},{\"@type\":\"ImageObject\",\"inLanguage\":\"da-DK\",\"@id\":\"https:\/\/kunmedierne.dk\/mors\/droemmen-var-at-vores-boern-skulle-gaa-i-skole-her\/#primaryimage\",\"url\":\"https:\/\/kunmedierne.dk\/mors\/wp-content\/uploads\/2023\/09\/IMG_2347-scaled.jpg\",\"contentUrl\":\"https:\/\/kunmedierne.dk\/mors\/wp-content\/uploads\/2023\/09\/IMG_2347-scaled.jpg\",\"width\":2560,\"height\":1707,\"caption\":\"Emile Maagaard Grange Praderas\"},{\"@type\":\"BreadcrumbList\",\"@id\":\"https:\/\/kunmedierne.dk\/mors\/droemmen-var-at-vores-boern-skulle-gaa-i-skole-her\/#breadcrumb\",\"itemListElement\":[{\"@type\":\"ListItem\",\"position\":1,\"name\":\"Hjem\",\"item\":\"https:\/\/kunmedierne.dk\/mors\/\"},{\"@type\":\"ListItem\",\"position\":2,\"name\":\"&#8220;Dr\u00f8mmen var, at vores b\u00f8rn skulle g\u00e5 i skole her&#8221;\"}]},{\"@type\":\"WebSite\",\"@id\":\"https:\/\/kunmedierne.dk\/mors\/#website\",\"url\":\"https:\/\/kunmedierne.dk\/mors\/\",\"name\":\"Mors\",\"description\":\"et netmedie med journalistik om livet p\u00e5 Mors\",\"publisher\":{\"@id\":\"https:\/\/kunmedierne.dk\/mors\/#organization\"},\"potentialAction\":[{\"@type\":\"SearchAction\",\"target\":{\"@type\":\"EntryPoint\",\"urlTemplate\":\"https:\/\/kunmedierne.dk\/mors\/?s={search_term_string}\"},\"query-input\":{\"@type\":\"PropertyValueSpecification\",\"valueRequired\":true,\"valueName\":\"search_term_string\"}}],\"inLanguage\":\"da-DK\"},{\"@type\":\"Organization\",\"@id\":\"https:\/\/kunmedierne.dk\/mors\/#organization\",\"name\":\"Mors\",\"url\":\"https:\/\/kunmedierne.dk\/mors\/\",\"logo\":{\"@type\":\"ImageObject\",\"inLanguage\":\"da-DK\",\"@id\":\"https:\/\/kunmedierne.dk\/mors\/#\/schema\/logo\/image\/\",\"url\":\"https:\/\/kunmedierne.dk\/mors\/wp-content\/uploads\/2024\/08\/kunmors-logo.svg\",\"contentUrl\":\"https:\/\/kunmedierne.dk\/mors\/wp-content\/uploads\/2024\/08\/kunmors-logo.svg\",\"caption\":\"Mors\"},\"image\":{\"@id\":\"https:\/\/kunmedierne.dk\/mors\/#\/schema\/logo\/image\/\"}},{\"@type\":\"Person\",\"@id\":\"https:\/\/kunmedierne.dk\/mors\/#\/schema\/person\/b2e62a38069b12365e53e087a8709c64\",\"name\":\"Katrine Hedegaard\",\"image\":{\"@type\":\"ImageObject\",\"inLanguage\":\"da-DK\",\"@id\":\"https:\/\/kunmedierne.dk\/mors\/#\/schema\/person\/image\/\",\"url\":\"https:\/\/secure.gravatar.com\/avatar\/18a5c72fa9148052fd3ed5a58b40fc83cfdc9811090e6e6eec9539af058edcc0?s=96&d=mm&r=g\",\"contentUrl\":\"https:\/\/secure.gravatar.com\/avatar\/18a5c72fa9148052fd3ed5a58b40fc83cfdc9811090e6e6eec9539af058edcc0?s=96&d=mm&r=g\",\"caption\":\"Katrine Hedegaard\"},\"url\":\"https:\/\/kunmedierne.dk\/mors\/author\/katrine\/\"}]}<\/script>\n<!-- \/ Yoast SEO plugin. -->","yoast_head_json":{"title":"\"Dr\u00f8mmen var, at vores b\u00f8rn skulle g\u00e5 i skole her\" - Mors","robots":{"index":"index","follow":"follow","max-snippet":"max-snippet:-1","max-image-preview":"max-image-preview:large","max-video-preview":"max-video-preview:-1"},"canonical":"https:\/\/kunmedierne.dk\/mors\/droemmen-var-at-vores-boern-skulle-gaa-i-skole-her\/","og_locale":"da_DK","og_type":"article","og_title":"\"Dr\u00f8mmen var, at vores b\u00f8rn skulle g\u00e5 i skole her\" - Mors","og_description":"SUNDBY: I vinduet ind til kontoret st\u00e5r en vissen blomst. Klassev\u00e6relserne er mennesketomme, men m\u00f8blerne st\u00e5r der stadig. Skoleborde og stole. Tavler, tegninger og kridt. Alle de ting der inden sommerferien havde en vigtig funktion\u00a0er blevet efterladt til ingen verdens nytte.\u00a0 Op ad den r\u00f8de skolebygning har Emile Maagaard Grange Praderas parkeret sin bl\u00e5 cykel.\u00a0 [&hellip;]","og_url":"https:\/\/kunmedierne.dk\/mors\/droemmen-var-at-vores-boern-skulle-gaa-i-skole-her\/","og_site_name":"Mors","article_published_time":"2023-09-08T12:53:02+00:00","article_modified_time":"2024-08-12T11:11:55+00:00","og_image":[{"width":2560,"height":1707,"url":"https:\/\/kunmedierne.dk\/mors\/wp-content\/uploads\/2023\/09\/IMG_2347-scaled.jpg","type":"image\/jpeg"}],"author":"Katrine Hedegaard","twitter_card":"summary_large_image","twitter_misc":{"Skrevet af":"Katrine Hedegaard","Estimeret l\u00e6setid":"5 minutter"},"schema":{"@context":"https:\/\/schema.org","@graph":[{"@type":"Article","@id":"https:\/\/kunmedierne.dk\/mors\/droemmen-var-at-vores-boern-skulle-gaa-i-skole-her\/#article","isPartOf":{"@id":"https:\/\/kunmedierne.dk\/mors\/droemmen-var-at-vores-boern-skulle-gaa-i-skole-her\/"},"author":{"name":"Katrine Hedegaard","@id":"https:\/\/kunmedierne.dk\/mors\/#\/schema\/person\/b2e62a38069b12365e53e087a8709c64"},"headline":"&#8220;Dr\u00f8mmen var, at vores b\u00f8rn skulle g\u00e5 i skole her&#8221;","datePublished":"2023-09-08T12:53:02+00:00","dateModified":"2024-08-12T11:11:55+00:00","mainEntityOfPage":{"@id":"https:\/\/kunmedierne.dk\/mors\/droemmen-var-at-vores-boern-skulle-gaa-i-skole-her\/"},"wordCount":947,"publisher":{"@id":"https:\/\/kunmedierne.dk\/mors\/#organization"},"image":{"@id":"https:\/\/kunmedierne.dk\/mors\/droemmen-var-at-vores-boern-skulle-gaa-i-skole-her\/#primaryimage"},"thumbnailUrl":"https:\/\/kunmedierne.dk\/mors\/wp-content\/uploads\/2023\/09\/IMG_2347-scaled.jpg","articleSection":["Fokus p\u00e5 Sundby","Lokalt"],"inLanguage":"da-DK"},{"@type":"WebPage","@id":"https:\/\/kunmedierne.dk\/mors\/droemmen-var-at-vores-boern-skulle-gaa-i-skole-her\/","url":"https:\/\/kunmedierne.dk\/mors\/droemmen-var-at-vores-boern-skulle-gaa-i-skole-her\/","name":"\"Dr\u00f8mmen var, at vores b\u00f8rn skulle g\u00e5 i skole her\" - Mors","isPartOf":{"@id":"https:\/\/kunmedierne.dk\/mors\/#website"},"primaryImageOfPage":{"@id":"https:\/\/kunmedierne.dk\/mors\/droemmen-var-at-vores-boern-skulle-gaa-i-skole-her\/#primaryimage"},"image":{"@id":"https:\/\/kunmedierne.dk\/mors\/droemmen-var-at-vores-boern-skulle-gaa-i-skole-her\/#primaryimage"},"thumbnailUrl":"https:\/\/kunmedierne.dk\/mors\/wp-content\/uploads\/2023\/09\/IMG_2347-scaled.jpg","datePublished":"2023-09-08T12:53:02+00:00","dateModified":"2024-08-12T11:11:55+00:00","breadcrumb":{"@id":"https:\/\/kunmedierne.dk\/mors\/droemmen-var-at-vores-boern-skulle-gaa-i-skole-her\/#breadcrumb"},"inLanguage":"da-DK","potentialAction":[{"@type":"ReadAction","target":["https:\/\/kunmedierne.dk\/mors\/droemmen-var-at-vores-boern-skulle-gaa-i-skole-her\/"]}]},{"@type":"ImageObject","inLanguage":"da-DK","@id":"https:\/\/kunmedierne.dk\/mors\/droemmen-var-at-vores-boern-skulle-gaa-i-skole-her\/#primaryimage","url":"https:\/\/kunmedierne.dk\/mors\/wp-content\/uploads\/2023\/09\/IMG_2347-scaled.jpg","contentUrl":"https:\/\/kunmedierne.dk\/mors\/wp-content\/uploads\/2023\/09\/IMG_2347-scaled.jpg","width":2560,"height":1707,"caption":"Emile Maagaard Grange Praderas"},{"@type":"BreadcrumbList","@id":"https:\/\/kunmedierne.dk\/mors\/droemmen-var-at-vores-boern-skulle-gaa-i-skole-her\/#breadcrumb","itemListElement":[{"@type":"ListItem","position":1,"name":"Hjem","item":"https:\/\/kunmedierne.dk\/mors\/"},{"@type":"ListItem","position":2,"name":"&#8220;Dr\u00f8mmen var, at vores b\u00f8rn skulle g\u00e5 i skole her&#8221;"}]},{"@type":"WebSite","@id":"https:\/\/kunmedierne.dk\/mors\/#website","url":"https:\/\/kunmedierne.dk\/mors\/","name":"Mors","description":"et netmedie med journalistik om livet p\u00e5 Mors","publisher":{"@id":"https:\/\/kunmedierne.dk\/mors\/#organization"},"potentialAction":[{"@type":"SearchAction","target":{"@type":"EntryPoint","urlTemplate":"https:\/\/kunmedierne.dk\/mors\/?s={search_term_string}"},"query-input":{"@type":"PropertyValueSpecification","valueRequired":true,"valueName":"search_term_string"}}],"inLanguage":"da-DK"},{"@type":"Organization","@id":"https:\/\/kunmedierne.dk\/mors\/#organization","name":"Mors","url":"https:\/\/kunmedierne.dk\/mors\/","logo":{"@type":"ImageObject","inLanguage":"da-DK","@id":"https:\/\/kunmedierne.dk\/mors\/#\/schema\/logo\/image\/","url":"https:\/\/kunmedierne.dk\/mors\/wp-content\/uploads\/2024\/08\/kunmors-logo.svg","contentUrl":"https:\/\/kunmedierne.dk\/mors\/wp-content\/uploads\/2024\/08\/kunmors-logo.svg","caption":"Mors"},"image":{"@id":"https:\/\/kunmedierne.dk\/mors\/#\/schema\/logo\/image\/"}},{"@type":"Person","@id":"https:\/\/kunmedierne.dk\/mors\/#\/schema\/person\/b2e62a38069b12365e53e087a8709c64","name":"Katrine Hedegaard","image":{"@type":"ImageObject","inLanguage":"da-DK","@id":"https:\/\/kunmedierne.dk\/mors\/#\/schema\/person\/image\/","url":"https:\/\/secure.gravatar.com\/avatar\/18a5c72fa9148052fd3ed5a58b40fc83cfdc9811090e6e6eec9539af058edcc0?s=96&d=mm&r=g","contentUrl":"https:\/\/secure.gravatar.com\/avatar\/18a5c72fa9148052fd3ed5a58b40fc83cfdc9811090e6e6eec9539af058edcc0?s=96&d=mm&r=g","caption":"Katrine Hedegaard"},"url":"https:\/\/kunmedierne.dk\/mors\/author\/katrine\/"}]}},"_links":{"self":[{"href":"https:\/\/kunmedierne.dk\/mors\/wp-json\/wp\/v2\/posts\/101463","targetHints":{"allow":["GET"]}}],"collection":[{"href":"https:\/\/kunmedierne.dk\/mors\/wp-json\/wp\/v2\/posts"}],"about":[{"href":"https:\/\/kunmedierne.dk\/mors\/wp-json\/wp\/v2\/types\/post"}],"author":[{"embeddable":true,"href":"https:\/\/kunmedierne.dk\/mors\/wp-json\/wp\/v2\/users\/2507"}],"replies":[{"embeddable":true,"href":"https:\/\/kunmedierne.dk\/mors\/wp-json\/wp\/v2\/comments?post=101463"}],"version-history":[{"count":7,"href":"https:\/\/kunmedierne.dk\/mors\/wp-json\/wp\/v2\/posts\/101463\/revisions"}],"predecessor-version":[{"id":101556,"href":"https:\/\/kunmedierne.dk\/mors\/wp-json\/wp\/v2\/posts\/101463\/revisions\/101556"}],"wp:featuredmedia":[{"embeddable":true,"href":"https:\/\/kunmedierne.dk\/mors\/wp-json\/wp\/v2\/media\/101544"}],"wp:attachment":[{"href":"https:\/\/kunmedierne.dk\/mors\/wp-json\/wp\/v2\/media?parent=101463"}],"wp:term":[{"taxonomy":"category","embeddable":true,"href":"https:\/\/kunmedierne.dk\/mors\/wp-json\/wp\/v2\/categories?post=101463"},{"taxonomy":"post_tag","embeddable":true,"href":"https:\/\/kunmedierne.dk\/mors\/wp-json\/wp\/v2\/tags?post=101463"}],"curies":[{"name":"wp","href":"https:\/\/api.w.org\/{rel}","templated":true}]}}