{"id":10145,"date":"2020-03-01T11:16:44","date_gmt":"2020-03-01T10:16:44","guid":{"rendered":"https:\/\/kunmedierne.dk\/mors\/?p=10145"},"modified":"2024-08-12T14:06:25","modified_gmt":"2024-08-12T12:06:25","slug":"breaking-vindmoelle-i-brand","status":"publish","type":"post","link":"https:\/\/kunmedierne.dk\/mors\/breaking-vindmoelle-i-brand\/","title":{"rendered":"Vindm\u00f8lle i brand"},"content":{"rendered":"<p><strong>FR\u00d8SLEV\/ELS\u00d8<\/strong>: En vindm\u00f8lle mellem Fr\u00f8slev og Els\u00f8 br\u00f8d s\u00f8ndag formiddag i brand. Vindm\u00f8llen er placeret ved en markvej ved Els\u00f8vej.<\/p>\n<p>&#8220;Den k\u00f8rte lidt, da vi kom derhen, men den er br\u00e6ndt ud i styrehuset nu og er g\u00e5et helt i st\u00e5. Den bliver aldrig til vindm\u00f8lle igen,&#8221; lyder det fra Kim Bertelsen fra Erslev, der har taget billedet til artiklen her.<\/p>\n<p>Han melder om stumper fra styrehuset, der faldt ned p\u00e5 marken ved siden af vindm\u00f8llen, og som udgjorde fare, hvis man gik for t\u00e6t p\u00e5. Men efter at branden er g\u00e5et ud, vurderer han, at den ikke umiddelbart er til fare for nogen.<\/p>\n","protected":false},"excerpt":{"rendered":"<p>FR\u00d8SLEV\/ELS\u00d8: En vindm\u00f8lle mellem Fr\u00f8slev og Els\u00f8 br\u00f8d s\u00f8ndag formiddag i brand. Vindm\u00f8llen er placeret ved en markvej ved Els\u00f8vej. &#8220;Den k\u00f8rte lidt, da vi kom derhen, men den er br\u00e6ndt ud i styrehuset nu og er g\u00e5et helt i st\u00e5. Den bliver aldrig til vindm\u00f8lle igen,&#8221; lyder det fra Kim Bertelsen fra Erslev, der [&hellip;]<\/p>\n","protected":false},"author":8,"featured_media":10146,"comment_status":"open","ping_status":"open","sticky":false,"template":"","format":"standard","meta":{"_acf_changed":false,"footnotes":""},"categories":[51],"tags":[],"class_list":["post-10145","post","type-post","status-publish","format-standard","has-post-thumbnail","hentry","category-lokalt"],"acf":[],"yoast_head":"<!-- This site is optimized with the Yoast SEO plugin v26.8 - https:\/\/yoast.com\/product\/yoast-seo-wordpress\/ -->\n<title>Vindm\u00f8lle i brand - Mors<\/title>\n<meta name=\"robots\" content=\"index, follow, max-snippet:-1, max-image-preview:large, max-video-preview:-1\" \/>\n<link rel=\"canonical\" href=\"https:\/\/kunmedierne.dk\/mors\/breaking-vindmoelle-i-brand\/\" \/>\n<meta property=\"og:locale\" content=\"da_DK\" \/>\n<meta property=\"og:type\" content=\"article\" \/>\n<meta property=\"og:title\" content=\"Vindm\u00f8lle i brand - Mors\" \/>\n<meta property=\"og:description\" content=\"FR\u00d8SLEV\/ELS\u00d8: En vindm\u00f8lle mellem Fr\u00f8slev og Els\u00f8 br\u00f8d s\u00f8ndag formiddag i brand. Vindm\u00f8llen er placeret ved en markvej ved Els\u00f8vej. &#8220;Den k\u00f8rte lidt, da vi kom derhen, men den er br\u00e6ndt ud i styrehuset nu og er g\u00e5et helt i st\u00e5. Den bliver aldrig til vindm\u00f8lle igen,&#8221; lyder det fra Kim Bertelsen fra Erslev, der [&hellip;]\" \/>\n<meta property=\"og:url\" content=\"https:\/\/kunmedierne.dk\/mors\/breaking-vindmoelle-i-brand\/\" \/>\n<meta property=\"og:site_name\" content=\"Mors\" \/>\n<meta property=\"article:published_time\" content=\"2020-03-01T10:16:44+00:00\" \/>\n<meta property=\"article:modified_time\" content=\"2024-08-12T12:06:25+00:00\" \/>\n<meta property=\"og:image\" content=\"https:\/\/kunmedierne.dk\/mors\/wp-content\/uploads\/2020\/03\/IMG_1325.jpg\" \/>\n\t<meta property=\"og:image:width\" content=\"770\" \/>\n\t<meta property=\"og:image:height\" content=\"513\" \/>\n\t<meta property=\"og:image:type\" content=\"image\/jpeg\" \/>\n<meta name=\"author\" content=\"David H\u00f8jmark\" \/>\n<meta name=\"twitter:card\" content=\"summary_large_image\" \/>\n<meta name=\"twitter:label1\" content=\"Skrevet af\" \/>\n\t<meta name=\"twitter:data1\" content=\"David H\u00f8jmark\" \/>\n\t<meta name=\"twitter:label2\" content=\"Estimeret l\u00e6setid\" \/>\n\t<meta name=\"twitter:data2\" content=\"1 minut\" \/>\n<script type=\"application\/ld+json\" class=\"yoast-schema-graph\">{\"@context\":\"https:\/\/schema.org\",\"@graph\":[{\"@type\":\"Article\",\"@id\":\"https:\/\/kunmedierne.dk\/mors\/breaking-vindmoelle-i-brand\/#article\",\"isPartOf\":{\"@id\":\"https:\/\/kunmedierne.dk\/mors\/breaking-vindmoelle-i-brand\/\"},\"author\":{\"name\":\"David H\u00f8jmark\",\"@id\":\"https:\/\/kunmedierne.dk\/mors\/#\/schema\/person\/5fe23251bf1d0abbcdc6f7896579d548\"},\"headline\":\"Vindm\u00f8lle i brand\",\"datePublished\":\"2020-03-01T10:16:44+00:00\",\"dateModified\":\"2024-08-12T12:06:25+00:00\",\"mainEntityOfPage\":{\"@id\":\"https:\/\/kunmedierne.dk\/mors\/breaking-vindmoelle-i-brand\/\"},\"wordCount\":123,\"commentCount\":0,\"publisher\":{\"@id\":\"https:\/\/kunmedierne.dk\/mors\/#organization\"},\"image\":{\"@id\":\"https:\/\/kunmedierne.dk\/mors\/breaking-vindmoelle-i-brand\/#primaryimage\"},\"thumbnailUrl\":\"https:\/\/kunmedierne.dk\/mors\/wp-content\/uploads\/2020\/03\/IMG_1325.jpg\",\"articleSection\":[\"Lokalt\"],\"inLanguage\":\"da-DK\",\"potentialAction\":[{\"@type\":\"CommentAction\",\"name\":\"Comment\",\"target\":[\"https:\/\/kunmedierne.dk\/mors\/breaking-vindmoelle-i-brand\/#respond\"]}]},{\"@type\":\"WebPage\",\"@id\":\"https:\/\/kunmedierne.dk\/mors\/breaking-vindmoelle-i-brand\/\",\"url\":\"https:\/\/kunmedierne.dk\/mors\/breaking-vindmoelle-i-brand\/\",\"name\":\"Vindm\u00f8lle i brand - Mors\",\"isPartOf\":{\"@id\":\"https:\/\/kunmedierne.dk\/mors\/#website\"},\"primaryImageOfPage\":{\"@id\":\"https:\/\/kunmedierne.dk\/mors\/breaking-vindmoelle-i-brand\/#primaryimage\"},\"image\":{\"@id\":\"https:\/\/kunmedierne.dk\/mors\/breaking-vindmoelle-i-brand\/#primaryimage\"},\"thumbnailUrl\":\"https:\/\/kunmedierne.dk\/mors\/wp-content\/uploads\/2020\/03\/IMG_1325.jpg\",\"datePublished\":\"2020-03-01T10:16:44+00:00\",\"dateModified\":\"2024-08-12T12:06:25+00:00\",\"breadcrumb\":{\"@id\":\"https:\/\/kunmedierne.dk\/mors\/breaking-vindmoelle-i-brand\/#breadcrumb\"},\"inLanguage\":\"da-DK\",\"potentialAction\":[{\"@type\":\"ReadAction\",\"target\":[\"https:\/\/kunmedierne.dk\/mors\/breaking-vindmoelle-i-brand\/\"]}]},{\"@type\":\"ImageObject\",\"inLanguage\":\"da-DK\",\"@id\":\"https:\/\/kunmedierne.dk\/mors\/breaking-vindmoelle-i-brand\/#primaryimage\",\"url\":\"https:\/\/kunmedierne.dk\/mors\/wp-content\/uploads\/2020\/03\/IMG_1325.jpg\",\"contentUrl\":\"https:\/\/kunmedierne.dk\/mors\/wp-content\/uploads\/2020\/03\/IMG_1325.jpg\",\"width\":770,\"height\":513,\"caption\":\"Foto: Kim Bertelsen.\"},{\"@type\":\"BreadcrumbList\",\"@id\":\"https:\/\/kunmedierne.dk\/mors\/breaking-vindmoelle-i-brand\/#breadcrumb\",\"itemListElement\":[{\"@type\":\"ListItem\",\"position\":1,\"name\":\"Hjem\",\"item\":\"https:\/\/kunmedierne.dk\/mors\/\"},{\"@type\":\"ListItem\",\"position\":2,\"name\":\"Vindm\u00f8lle i brand\"}]},{\"@type\":\"WebSite\",\"@id\":\"https:\/\/kunmedierne.dk\/mors\/#website\",\"url\":\"https:\/\/kunmedierne.dk\/mors\/\",\"name\":\"Mors\",\"description\":\"et netmedie med journalistik om livet p\u00e5 Mors\",\"publisher\":{\"@id\":\"https:\/\/kunmedierne.dk\/mors\/#organization\"},\"potentialAction\":[{\"@type\":\"SearchAction\",\"target\":{\"@type\":\"EntryPoint\",\"urlTemplate\":\"https:\/\/kunmedierne.dk\/mors\/?s={search_term_string}\"},\"query-input\":{\"@type\":\"PropertyValueSpecification\",\"valueRequired\":true,\"valueName\":\"search_term_string\"}}],\"inLanguage\":\"da-DK\"},{\"@type\":\"Organization\",\"@id\":\"https:\/\/kunmedierne.dk\/mors\/#organization\",\"name\":\"Mors\",\"url\":\"https:\/\/kunmedierne.dk\/mors\/\",\"logo\":{\"@type\":\"ImageObject\",\"inLanguage\":\"da-DK\",\"@id\":\"https:\/\/kunmedierne.dk\/mors\/#\/schema\/logo\/image\/\",\"url\":\"https:\/\/kunmedierne.dk\/mors\/wp-content\/uploads\/2024\/08\/kunmors-logo.svg\",\"contentUrl\":\"https:\/\/kunmedierne.dk\/mors\/wp-content\/uploads\/2024\/08\/kunmors-logo.svg\",\"caption\":\"Mors\"},\"image\":{\"@id\":\"https:\/\/kunmedierne.dk\/mors\/#\/schema\/logo\/image\/\"}},{\"@type\":\"Person\",\"@id\":\"https:\/\/kunmedierne.dk\/mors\/#\/schema\/person\/5fe23251bf1d0abbcdc6f7896579d548\",\"name\":\"David H\u00f8jmark\",\"image\":{\"@type\":\"ImageObject\",\"inLanguage\":\"da-DK\",\"@id\":\"https:\/\/kunmedierne.dk\/mors\/#\/schema\/person\/image\/\",\"url\":\"https:\/\/secure.gravatar.com\/avatar\/4315d6fb9ef244d729989f5f90268eb08d5bf8a3d84402f595fa194bb35784fd?s=96&d=mm&r=g\",\"contentUrl\":\"https:\/\/secure.gravatar.com\/avatar\/4315d6fb9ef244d729989f5f90268eb08d5bf8a3d84402f595fa194bb35784fd?s=96&d=mm&r=g\",\"caption\":\"David H\u00f8jmark\"},\"sameAs\":[\"https:\/\/www.kunmedierne.dk\"],\"url\":\"https:\/\/kunmedierne.dk\/mors\/author\/david\/\"}]}<\/script>\n<!-- \/ Yoast SEO plugin. -->","yoast_head_json":{"title":"Vindm\u00f8lle i brand - Mors","robots":{"index":"index","follow":"follow","max-snippet":"max-snippet:-1","max-image-preview":"max-image-preview:large","max-video-preview":"max-video-preview:-1"},"canonical":"https:\/\/kunmedierne.dk\/mors\/breaking-vindmoelle-i-brand\/","og_locale":"da_DK","og_type":"article","og_title":"Vindm\u00f8lle i brand - Mors","og_description":"FR\u00d8SLEV\/ELS\u00d8: En vindm\u00f8lle mellem Fr\u00f8slev og Els\u00f8 br\u00f8d s\u00f8ndag formiddag i brand. Vindm\u00f8llen er placeret ved en markvej ved Els\u00f8vej. &#8220;Den k\u00f8rte lidt, da vi kom derhen, men den er br\u00e6ndt ud i styrehuset nu og er g\u00e5et helt i st\u00e5. Den bliver aldrig til vindm\u00f8lle igen,&#8221; lyder det fra Kim Bertelsen fra Erslev, der [&hellip;]","og_url":"https:\/\/kunmedierne.dk\/mors\/breaking-vindmoelle-i-brand\/","og_site_name":"Mors","article_published_time":"2020-03-01T10:16:44+00:00","article_modified_time":"2024-08-12T12:06:25+00:00","og_image":[{"width":770,"height":513,"url":"https:\/\/kunmedierne.dk\/mors\/wp-content\/uploads\/2020\/03\/IMG_1325.jpg","type":"image\/jpeg"}],"author":"David H\u00f8jmark","twitter_card":"summary_large_image","twitter_misc":{"Skrevet af":"David H\u00f8jmark","Estimeret l\u00e6setid":"1 minut"},"schema":{"@context":"https:\/\/schema.org","@graph":[{"@type":"Article","@id":"https:\/\/kunmedierne.dk\/mors\/breaking-vindmoelle-i-brand\/#article","isPartOf":{"@id":"https:\/\/kunmedierne.dk\/mors\/breaking-vindmoelle-i-brand\/"},"author":{"name":"David H\u00f8jmark","@id":"https:\/\/kunmedierne.dk\/mors\/#\/schema\/person\/5fe23251bf1d0abbcdc6f7896579d548"},"headline":"Vindm\u00f8lle i brand","datePublished":"2020-03-01T10:16:44+00:00","dateModified":"2024-08-12T12:06:25+00:00","mainEntityOfPage":{"@id":"https:\/\/kunmedierne.dk\/mors\/breaking-vindmoelle-i-brand\/"},"wordCount":123,"commentCount":0,"publisher":{"@id":"https:\/\/kunmedierne.dk\/mors\/#organization"},"image":{"@id":"https:\/\/kunmedierne.dk\/mors\/breaking-vindmoelle-i-brand\/#primaryimage"},"thumbnailUrl":"https:\/\/kunmedierne.dk\/mors\/wp-content\/uploads\/2020\/03\/IMG_1325.jpg","articleSection":["Lokalt"],"inLanguage":"da-DK","potentialAction":[{"@type":"CommentAction","name":"Comment","target":["https:\/\/kunmedierne.dk\/mors\/breaking-vindmoelle-i-brand\/#respond"]}]},{"@type":"WebPage","@id":"https:\/\/kunmedierne.dk\/mors\/breaking-vindmoelle-i-brand\/","url":"https:\/\/kunmedierne.dk\/mors\/breaking-vindmoelle-i-brand\/","name":"Vindm\u00f8lle i brand - Mors","isPartOf":{"@id":"https:\/\/kunmedierne.dk\/mors\/#website"},"primaryImageOfPage":{"@id":"https:\/\/kunmedierne.dk\/mors\/breaking-vindmoelle-i-brand\/#primaryimage"},"image":{"@id":"https:\/\/kunmedierne.dk\/mors\/breaking-vindmoelle-i-brand\/#primaryimage"},"thumbnailUrl":"https:\/\/kunmedierne.dk\/mors\/wp-content\/uploads\/2020\/03\/IMG_1325.jpg","datePublished":"2020-03-01T10:16:44+00:00","dateModified":"2024-08-12T12:06:25+00:00","breadcrumb":{"@id":"https:\/\/kunmedierne.dk\/mors\/breaking-vindmoelle-i-brand\/#breadcrumb"},"inLanguage":"da-DK","potentialAction":[{"@type":"ReadAction","target":["https:\/\/kunmedierne.dk\/mors\/breaking-vindmoelle-i-brand\/"]}]},{"@type":"ImageObject","inLanguage":"da-DK","@id":"https:\/\/kunmedierne.dk\/mors\/breaking-vindmoelle-i-brand\/#primaryimage","url":"https:\/\/kunmedierne.dk\/mors\/wp-content\/uploads\/2020\/03\/IMG_1325.jpg","contentUrl":"https:\/\/kunmedierne.dk\/mors\/wp-content\/uploads\/2020\/03\/IMG_1325.jpg","width":770,"height":513,"caption":"Foto: Kim Bertelsen."},{"@type":"BreadcrumbList","@id":"https:\/\/kunmedierne.dk\/mors\/breaking-vindmoelle-i-brand\/#breadcrumb","itemListElement":[{"@type":"ListItem","position":1,"name":"Hjem","item":"https:\/\/kunmedierne.dk\/mors\/"},{"@type":"ListItem","position":2,"name":"Vindm\u00f8lle i brand"}]},{"@type":"WebSite","@id":"https:\/\/kunmedierne.dk\/mors\/#website","url":"https:\/\/kunmedierne.dk\/mors\/","name":"Mors","description":"et netmedie med journalistik om livet p\u00e5 Mors","publisher":{"@id":"https:\/\/kunmedierne.dk\/mors\/#organization"},"potentialAction":[{"@type":"SearchAction","target":{"@type":"EntryPoint","urlTemplate":"https:\/\/kunmedierne.dk\/mors\/?s={search_term_string}"},"query-input":{"@type":"PropertyValueSpecification","valueRequired":true,"valueName":"search_term_string"}}],"inLanguage":"da-DK"},{"@type":"Organization","@id":"https:\/\/kunmedierne.dk\/mors\/#organization","name":"Mors","url":"https:\/\/kunmedierne.dk\/mors\/","logo":{"@type":"ImageObject","inLanguage":"da-DK","@id":"https:\/\/kunmedierne.dk\/mors\/#\/schema\/logo\/image\/","url":"https:\/\/kunmedierne.dk\/mors\/wp-content\/uploads\/2024\/08\/kunmors-logo.svg","contentUrl":"https:\/\/kunmedierne.dk\/mors\/wp-content\/uploads\/2024\/08\/kunmors-logo.svg","caption":"Mors"},"image":{"@id":"https:\/\/kunmedierne.dk\/mors\/#\/schema\/logo\/image\/"}},{"@type":"Person","@id":"https:\/\/kunmedierne.dk\/mors\/#\/schema\/person\/5fe23251bf1d0abbcdc6f7896579d548","name":"David H\u00f8jmark","image":{"@type":"ImageObject","inLanguage":"da-DK","@id":"https:\/\/kunmedierne.dk\/mors\/#\/schema\/person\/image\/","url":"https:\/\/secure.gravatar.com\/avatar\/4315d6fb9ef244d729989f5f90268eb08d5bf8a3d84402f595fa194bb35784fd?s=96&d=mm&r=g","contentUrl":"https:\/\/secure.gravatar.com\/avatar\/4315d6fb9ef244d729989f5f90268eb08d5bf8a3d84402f595fa194bb35784fd?s=96&d=mm&r=g","caption":"David H\u00f8jmark"},"sameAs":["https:\/\/www.kunmedierne.dk"],"url":"https:\/\/kunmedierne.dk\/mors\/author\/david\/"}]}},"_links":{"self":[{"href":"https:\/\/kunmedierne.dk\/mors\/wp-json\/wp\/v2\/posts\/10145","targetHints":{"allow":["GET"]}}],"collection":[{"href":"https:\/\/kunmedierne.dk\/mors\/wp-json\/wp\/v2\/posts"}],"about":[{"href":"https:\/\/kunmedierne.dk\/mors\/wp-json\/wp\/v2\/types\/post"}],"author":[{"embeddable":true,"href":"https:\/\/kunmedierne.dk\/mors\/wp-json\/wp\/v2\/users\/8"}],"replies":[{"embeddable":true,"href":"https:\/\/kunmedierne.dk\/mors\/wp-json\/wp\/v2\/comments?post=10145"}],"version-history":[{"count":3,"href":"https:\/\/kunmedierne.dk\/mors\/wp-json\/wp\/v2\/posts\/10145\/revisions"}],"predecessor-version":[{"id":10370,"href":"https:\/\/kunmedierne.dk\/mors\/wp-json\/wp\/v2\/posts\/10145\/revisions\/10370"}],"wp:featuredmedia":[{"embeddable":true,"href":"https:\/\/kunmedierne.dk\/mors\/wp-json\/wp\/v2\/media\/10146"}],"wp:attachment":[{"href":"https:\/\/kunmedierne.dk\/mors\/wp-json\/wp\/v2\/media?parent=10145"}],"wp:term":[{"taxonomy":"category","embeddable":true,"href":"https:\/\/kunmedierne.dk\/mors\/wp-json\/wp\/v2\/categories?post=10145"},{"taxonomy":"post_tag","embeddable":true,"href":"https:\/\/kunmedierne.dk\/mors\/wp-json\/wp\/v2\/tags?post=10145"}],"curies":[{"name":"wp","href":"https:\/\/api.w.org\/{rel}","templated":true}]}}