{"id":100868,"date":"2023-08-31T17:56:10","date_gmt":"2023-08-31T15:56:10","guid":{"rendered":"https:\/\/kunmedierne.dk\/mors\/?p=100868"},"modified":"2024-08-12T13:11:58","modified_gmt":"2024-08-12T11:11:58","slug":"kulturmoedet-er-paa-finansloven-igen","status":"publish","type":"post","link":"https:\/\/kunmedierne.dk\/mors\/kulturmoedet-er-paa-finansloven-igen\/","title":{"rendered":"Kulturm\u00f8det er p\u00e5 finansloven &#8211; igen\u00a0"},"content":{"rendered":"<p><strong>MORS<\/strong>: Ogs\u00e5 i 2024 er der penge fra finansloven til Kulturm\u00f8det Mors.<\/p>\n<p>Det oplyser Kulturm\u00f8det Mors, efter regeringen i dag har pr\u00e6senteret sit forslag til n\u00e6ste \u00e5rs finanslov. Den indeholder en halv million kroner til den nationale event med placering p\u00e5 Mors &#8211; og det v\u00e6kker gl\u00e6de hos arrang\u00f8rerne.<\/p>\n<p>&#8211; I sidste uge viste Kulturm\u00f8det sig fra sin allerbedste side, og vi oplevede alle styrken i f\u00e6lleskaber, store folkelige koncerter og vidensdeling p\u00e5 tv\u00e6rs af brancher. Der er derfor en helt fantastisk nyhed at f\u00e5 i dag, siger Trine Bang, direkt\u00f8r for Kulturm\u00f8det Mors.<\/p>\n<a class=\"dvrt-link\" onClick=\"cdmtrack_click(104785,jQuery(this));return false\" href=\"https:\/\/www.facebook.com\/lyndrups\"><img decoding=\"async\" style=\"width:100%;\" src=\"https:\/\/kunmedierne.dk\/mors\/wp-content\/uploads\/2022\/02\/vip-lyndrups-rengoering.jpg\"><\/a><script>cdmtrack_view(104785);<\/script>\n<p>P\u00e5 finansloven for 2023 var der afsat en million kroner til Kulturm\u00f8det Mors. Selv om bel\u00f8bet s\u00e5ledes bliver mindre i 2024, er begejstringen over den politiske opbakning stor.<\/p>\n<p>&#8211;\u00a0Det g\u00f8r mig stolt og glad, at Kulturm\u00f8det har fundet vej til de politiske forhandlingslokaler, og det s\u00e6tter en tyk streg under, at vi de seneste \u00e5r er lykkes med at vise, hvor stor en betydning kunst og kultur har for vores samfund. Med bevillingen bliver der skabt mere ro og stabilitet om vores arbejde\u201d, siger Trine Bang.<\/p>\n<a class=\"dvrt-link\" onClick=\"cdmtrack_click(147315,jQuery(this));return false\" href=\"https:\/\/sdrhaa.dk\/\"><img decoding=\"async\" style=\"width:100%;\" src=\"https:\/\/kunmedierne.dk\/mors\/wp-content\/uploads\/2025\/05\/260302Sdr-HaaDin-gebyrvenlige-sparekasse_mors-002.gif\"><\/a><script>cdmtrack_view(147315);<\/script>\n<p>Ogs\u00e5 Hans Ejner Bertelsen (V), borgmester i Mors\u00f8 kommune og formand for bestyrelsen bag Kulturm\u00f8det Mors, gl\u00e6der sig.<\/p>\n<p>&#8211; Jeg sidder stadig tilbage med et lille smil p\u00e5 l\u00e6ben, efter hvor flot et Kulturm\u00f8de vi afholdt her p\u00e5 Mors i sidste uge. Jeg skal da love for, at det blev lidt bredere med dagens nyhed. Jeg gl\u00e6der mig i den grad over, at vi p\u00e5 det her omr\u00e5de bliver tilgodeset og dermed kan fastholde den gode kurs Kulturm\u00f8det har lagt, siger han.<\/p>\n<p>&nbsp;<\/p>\n<p><strong>M\u00e5lrettet arbejde venter<\/strong><\/p>\n<p>Kulturm\u00f8det Mors kunne i \u00e5r fejre sit 10 \u00e5rs jubil\u00e6um med rekordh\u00f8j deltagelse og opbakning fra hele landet. Med endnu en bevilling fra en finanslov kan man nu tage hul p\u00e5 at planl\u00e6gge Kulturm\u00f8det 2024.<\/p>\n<p>Her venter et m\u00e5lrettet arbejde med at lave gode partnerskaber nationalt og lokalt, understreger Trine Bang.<\/p>\n<a class=\"dvrt-link\" onClick=\"cdmtrack_click(104787,jQuery(this));return false\" href=\"https:\/\/www.jyskebank.dk\/kontakt\/afdelingsinfo?departmentid=11890\"><img decoding=\"async\" style=\"width:100%;\" src=\"https:\/\/kunmedierne.dk\/mors\/wp-content\/uploads\/2023\/10\/260325JyskeBankMorsNy-1.jpg\"><\/a><script>cdmtrack_view(104787);<\/script>\n<p>&#8211; Ambitionen er, at vi som minimum kan pr\u00e6sentere et liges\u00e5 flot og favnende Kulturm\u00f8de i 2024 som i \u00e5r. En halv million g\u00f8r, at vi kan s\u00e6tte arbejdet igang, men vi har stadig liges\u00e5 stor brug for opbakning og st\u00f8tte til at f\u00e5 tingende til at h\u00e6nge sammen. Bevillingen er et flot rygst\u00f8d, men jeg gl\u00e6der mig ogs\u00e5 allerede til at begynde dialogen med nye og gamle samarbejdspartnere om Kulturm\u00f8det 2024, siger hun.<\/p>\n<p>Kulturm\u00f8det Mors finder n\u00e6ste gang sted i dagene 22.-24. august 2024.<\/p>\n<h5>L\u00c6S OGS\u00c5: <a href=\"https:\/\/kunmedierne.dk\/mors\/nu-vil-kulturmoedet-mors-vaere-forsamlingshus-for-hele-norden\/\">Nu vil Kulturm\u00f8det Mors v\u00e6re forsamlingshus for hele Norden<\/a><\/h5>\n","protected":false},"excerpt":{"rendered":"<p>MORS: Ogs\u00e5 i 2024 er der penge fra finansloven til Kulturm\u00f8det Mors. Det oplyser Kulturm\u00f8det Mors, efter regeringen i dag har pr\u00e6senteret sit forslag til n\u00e6ste \u00e5rs finanslov. Den indeholder en halv million kroner til den nationale event med placering p\u00e5 Mors &#8211; og det v\u00e6kker gl\u00e6de hos arrang\u00f8rerne. &#8211; I sidste uge viste Kulturm\u00f8det [&hellip;]<\/p>\n","protected":false},"author":8,"featured_media":100871,"comment_status":"closed","ping_status":"open","sticky":false,"template":"","format":"standard","meta":{"_acf_changed":false,"footnotes":""},"categories":[49],"tags":[162],"class_list":["post-100868","post","type-post","status-publish","format-standard","has-post-thumbnail","hentry","category-kultur","tag-kulturmoedet"],"acf":[],"yoast_head":"<!-- This site is optimized with the Yoast SEO plugin v26.8 - https:\/\/yoast.com\/product\/yoast-seo-wordpress\/ -->\n<title>Kulturm\u00f8det er p\u00e5 finansloven - igen\u00a0 - Mors<\/title>\n<meta name=\"robots\" content=\"index, follow, max-snippet:-1, max-image-preview:large, max-video-preview:-1\" \/>\n<link rel=\"canonical\" href=\"https:\/\/kunmedierne.dk\/mors\/kulturmoedet-er-paa-finansloven-igen\/\" \/>\n<meta property=\"og:locale\" content=\"da_DK\" \/>\n<meta property=\"og:type\" content=\"article\" \/>\n<meta property=\"og:title\" content=\"Kulturm\u00f8det er p\u00e5 finansloven - igen\u00a0 - Mors\" \/>\n<meta property=\"og:description\" content=\"MORS: Ogs\u00e5 i 2024 er der penge fra finansloven til Kulturm\u00f8det Mors. Det oplyser Kulturm\u00f8det Mors, efter regeringen i dag har pr\u00e6senteret sit forslag til n\u00e6ste \u00e5rs finanslov. Den indeholder en halv million kroner til den nationale event med placering p\u00e5 Mors &#8211; og det v\u00e6kker gl\u00e6de hos arrang\u00f8rerne. &#8211; I sidste uge viste Kulturm\u00f8det [&hellip;]\" \/>\n<meta property=\"og:url\" content=\"https:\/\/kunmedierne.dk\/mors\/kulturmoedet-er-paa-finansloven-igen\/\" \/>\n<meta property=\"og:site_name\" content=\"Mors\" \/>\n<meta property=\"article:published_time\" content=\"2023-08-31T15:56:10+00:00\" \/>\n<meta property=\"article:modified_time\" content=\"2024-08-12T11:11:58+00:00\" \/>\n<meta property=\"og:image\" content=\"https:\/\/kunmedierne.dk\/mors\/wp-content\/uploads\/2023\/08\/Folkescenen-Zar-Paulo-web-fotograf-Per-Bille-230826-DSC05112.jpg\" \/>\n\t<meta property=\"og:image:width\" content=\"770\" \/>\n\t<meta property=\"og:image:height\" content=\"513\" \/>\n\t<meta property=\"og:image:type\" content=\"image\/jpeg\" \/>\n<meta name=\"author\" content=\"David H\u00f8jmark\" \/>\n<meta name=\"twitter:card\" content=\"summary_large_image\" \/>\n<meta name=\"twitter:label1\" content=\"Skrevet af\" \/>\n\t<meta name=\"twitter:data1\" content=\"David H\u00f8jmark\" \/>\n\t<meta name=\"twitter:label2\" content=\"Estimeret l\u00e6setid\" \/>\n\t<meta name=\"twitter:data2\" content=\"3 minutter\" \/>\n<script type=\"application\/ld+json\" class=\"yoast-schema-graph\">{\"@context\":\"https:\/\/schema.org\",\"@graph\":[{\"@type\":\"Article\",\"@id\":\"https:\/\/kunmedierne.dk\/mors\/kulturmoedet-er-paa-finansloven-igen\/#article\",\"isPartOf\":{\"@id\":\"https:\/\/kunmedierne.dk\/mors\/kulturmoedet-er-paa-finansloven-igen\/\"},\"author\":{\"name\":\"David H\u00f8jmark\",\"@id\":\"https:\/\/kunmedierne.dk\/mors\/#\/schema\/person\/5fe23251bf1d0abbcdc6f7896579d548\"},\"headline\":\"Kulturm\u00f8det er p\u00e5 finansloven &#8211; igen\u00a0\",\"datePublished\":\"2023-08-31T15:56:10+00:00\",\"dateModified\":\"2024-08-12T11:11:58+00:00\",\"mainEntityOfPage\":{\"@id\":\"https:\/\/kunmedierne.dk\/mors\/kulturmoedet-er-paa-finansloven-igen\/\"},\"wordCount\":465,\"publisher\":{\"@id\":\"https:\/\/kunmedierne.dk\/mors\/#organization\"},\"image\":{\"@id\":\"https:\/\/kunmedierne.dk\/mors\/kulturmoedet-er-paa-finansloven-igen\/#primaryimage\"},\"thumbnailUrl\":\"https:\/\/kunmedierne.dk\/mors\/wp-content\/uploads\/2023\/08\/Folkescenen-Zar-Paulo-web-fotograf-Per-Bille-230826-DSC05112.jpg\",\"keywords\":[\"Kulturm\u00f8det\"],\"articleSection\":[\"Kultur\"],\"inLanguage\":\"da-DK\"},{\"@type\":\"WebPage\",\"@id\":\"https:\/\/kunmedierne.dk\/mors\/kulturmoedet-er-paa-finansloven-igen\/\",\"url\":\"https:\/\/kunmedierne.dk\/mors\/kulturmoedet-er-paa-finansloven-igen\/\",\"name\":\"Kulturm\u00f8det er p\u00e5 finansloven - igen\u00a0 - Mors\",\"isPartOf\":{\"@id\":\"https:\/\/kunmedierne.dk\/mors\/#website\"},\"primaryImageOfPage\":{\"@id\":\"https:\/\/kunmedierne.dk\/mors\/kulturmoedet-er-paa-finansloven-igen\/#primaryimage\"},\"image\":{\"@id\":\"https:\/\/kunmedierne.dk\/mors\/kulturmoedet-er-paa-finansloven-igen\/#primaryimage\"},\"thumbnailUrl\":\"https:\/\/kunmedierne.dk\/mors\/wp-content\/uploads\/2023\/08\/Folkescenen-Zar-Paulo-web-fotograf-Per-Bille-230826-DSC05112.jpg\",\"datePublished\":\"2023-08-31T15:56:10+00:00\",\"dateModified\":\"2024-08-12T11:11:58+00:00\",\"breadcrumb\":{\"@id\":\"https:\/\/kunmedierne.dk\/mors\/kulturmoedet-er-paa-finansloven-igen\/#breadcrumb\"},\"inLanguage\":\"da-DK\",\"potentialAction\":[{\"@type\":\"ReadAction\",\"target\":[\"https:\/\/kunmedierne.dk\/mors\/kulturmoedet-er-paa-finansloven-igen\/\"]}]},{\"@type\":\"ImageObject\",\"inLanguage\":\"da-DK\",\"@id\":\"https:\/\/kunmedierne.dk\/mors\/kulturmoedet-er-paa-finansloven-igen\/#primaryimage\",\"url\":\"https:\/\/kunmedierne.dk\/mors\/wp-content\/uploads\/2023\/08\/Folkescenen-Zar-Paulo-web-fotograf-Per-Bille-230826-DSC05112.jpg\",\"contentUrl\":\"https:\/\/kunmedierne.dk\/mors\/wp-content\/uploads\/2023\/08\/Folkescenen-Zar-Paulo-web-fotograf-Per-Bille-230826-DSC05112.jpg\",\"width\":770,\"height\":513,\"caption\":\"Zar Paulo under Kulturm\u00f8det Mors 2023. Foto: Per Bille.\"},{\"@type\":\"BreadcrumbList\",\"@id\":\"https:\/\/kunmedierne.dk\/mors\/kulturmoedet-er-paa-finansloven-igen\/#breadcrumb\",\"itemListElement\":[{\"@type\":\"ListItem\",\"position\":1,\"name\":\"Hjem\",\"item\":\"https:\/\/kunmedierne.dk\/mors\/\"},{\"@type\":\"ListItem\",\"position\":2,\"name\":\"Kulturm\u00f8det er p\u00e5 finansloven &#8211; igen\u00a0\"}]},{\"@type\":\"WebSite\",\"@id\":\"https:\/\/kunmedierne.dk\/mors\/#website\",\"url\":\"https:\/\/kunmedierne.dk\/mors\/\",\"name\":\"Mors\",\"description\":\"et netmedie med journalistik om livet p\u00e5 Mors\",\"publisher\":{\"@id\":\"https:\/\/kunmedierne.dk\/mors\/#organization\"},\"potentialAction\":[{\"@type\":\"SearchAction\",\"target\":{\"@type\":\"EntryPoint\",\"urlTemplate\":\"https:\/\/kunmedierne.dk\/mors\/?s={search_term_string}\"},\"query-input\":{\"@type\":\"PropertyValueSpecification\",\"valueRequired\":true,\"valueName\":\"search_term_string\"}}],\"inLanguage\":\"da-DK\"},{\"@type\":\"Organization\",\"@id\":\"https:\/\/kunmedierne.dk\/mors\/#organization\",\"name\":\"Mors\",\"url\":\"https:\/\/kunmedierne.dk\/mors\/\",\"logo\":{\"@type\":\"ImageObject\",\"inLanguage\":\"da-DK\",\"@id\":\"https:\/\/kunmedierne.dk\/mors\/#\/schema\/logo\/image\/\",\"url\":\"https:\/\/kunmedierne.dk\/mors\/wp-content\/uploads\/2024\/08\/kunmors-logo.svg\",\"contentUrl\":\"https:\/\/kunmedierne.dk\/mors\/wp-content\/uploads\/2024\/08\/kunmors-logo.svg\",\"caption\":\"Mors\"},\"image\":{\"@id\":\"https:\/\/kunmedierne.dk\/mors\/#\/schema\/logo\/image\/\"}},{\"@type\":\"Person\",\"@id\":\"https:\/\/kunmedierne.dk\/mors\/#\/schema\/person\/5fe23251bf1d0abbcdc6f7896579d548\",\"name\":\"David H\u00f8jmark\",\"image\":{\"@type\":\"ImageObject\",\"inLanguage\":\"da-DK\",\"@id\":\"https:\/\/kunmedierne.dk\/mors\/#\/schema\/person\/image\/\",\"url\":\"https:\/\/secure.gravatar.com\/avatar\/4315d6fb9ef244d729989f5f90268eb08d5bf8a3d84402f595fa194bb35784fd?s=96&d=mm&r=g\",\"contentUrl\":\"https:\/\/secure.gravatar.com\/avatar\/4315d6fb9ef244d729989f5f90268eb08d5bf8a3d84402f595fa194bb35784fd?s=96&d=mm&r=g\",\"caption\":\"David H\u00f8jmark\"},\"sameAs\":[\"https:\/\/www.kunmedierne.dk\"],\"url\":\"https:\/\/kunmedierne.dk\/mors\/author\/david\/\"}]}<\/script>\n<!-- \/ Yoast SEO plugin. -->","yoast_head_json":{"title":"Kulturm\u00f8det er p\u00e5 finansloven - igen\u00a0 - Mors","robots":{"index":"index","follow":"follow","max-snippet":"max-snippet:-1","max-image-preview":"max-image-preview:large","max-video-preview":"max-video-preview:-1"},"canonical":"https:\/\/kunmedierne.dk\/mors\/kulturmoedet-er-paa-finansloven-igen\/","og_locale":"da_DK","og_type":"article","og_title":"Kulturm\u00f8det er p\u00e5 finansloven - igen\u00a0 - Mors","og_description":"MORS: Ogs\u00e5 i 2024 er der penge fra finansloven til Kulturm\u00f8det Mors. Det oplyser Kulturm\u00f8det Mors, efter regeringen i dag har pr\u00e6senteret sit forslag til n\u00e6ste \u00e5rs finanslov. Den indeholder en halv million kroner til den nationale event med placering p\u00e5 Mors &#8211; og det v\u00e6kker gl\u00e6de hos arrang\u00f8rerne. &#8211; I sidste uge viste Kulturm\u00f8det [&hellip;]","og_url":"https:\/\/kunmedierne.dk\/mors\/kulturmoedet-er-paa-finansloven-igen\/","og_site_name":"Mors","article_published_time":"2023-08-31T15:56:10+00:00","article_modified_time":"2024-08-12T11:11:58+00:00","og_image":[{"width":770,"height":513,"url":"https:\/\/kunmedierne.dk\/mors\/wp-content\/uploads\/2023\/08\/Folkescenen-Zar-Paulo-web-fotograf-Per-Bille-230826-DSC05112.jpg","type":"image\/jpeg"}],"author":"David H\u00f8jmark","twitter_card":"summary_large_image","twitter_misc":{"Skrevet af":"David H\u00f8jmark","Estimeret l\u00e6setid":"3 minutter"},"schema":{"@context":"https:\/\/schema.org","@graph":[{"@type":"Article","@id":"https:\/\/kunmedierne.dk\/mors\/kulturmoedet-er-paa-finansloven-igen\/#article","isPartOf":{"@id":"https:\/\/kunmedierne.dk\/mors\/kulturmoedet-er-paa-finansloven-igen\/"},"author":{"name":"David H\u00f8jmark","@id":"https:\/\/kunmedierne.dk\/mors\/#\/schema\/person\/5fe23251bf1d0abbcdc6f7896579d548"},"headline":"Kulturm\u00f8det er p\u00e5 finansloven &#8211; igen\u00a0","datePublished":"2023-08-31T15:56:10+00:00","dateModified":"2024-08-12T11:11:58+00:00","mainEntityOfPage":{"@id":"https:\/\/kunmedierne.dk\/mors\/kulturmoedet-er-paa-finansloven-igen\/"},"wordCount":465,"publisher":{"@id":"https:\/\/kunmedierne.dk\/mors\/#organization"},"image":{"@id":"https:\/\/kunmedierne.dk\/mors\/kulturmoedet-er-paa-finansloven-igen\/#primaryimage"},"thumbnailUrl":"https:\/\/kunmedierne.dk\/mors\/wp-content\/uploads\/2023\/08\/Folkescenen-Zar-Paulo-web-fotograf-Per-Bille-230826-DSC05112.jpg","keywords":["Kulturm\u00f8det"],"articleSection":["Kultur"],"inLanguage":"da-DK"},{"@type":"WebPage","@id":"https:\/\/kunmedierne.dk\/mors\/kulturmoedet-er-paa-finansloven-igen\/","url":"https:\/\/kunmedierne.dk\/mors\/kulturmoedet-er-paa-finansloven-igen\/","name":"Kulturm\u00f8det er p\u00e5 finansloven - igen\u00a0 - Mors","isPartOf":{"@id":"https:\/\/kunmedierne.dk\/mors\/#website"},"primaryImageOfPage":{"@id":"https:\/\/kunmedierne.dk\/mors\/kulturmoedet-er-paa-finansloven-igen\/#primaryimage"},"image":{"@id":"https:\/\/kunmedierne.dk\/mors\/kulturmoedet-er-paa-finansloven-igen\/#primaryimage"},"thumbnailUrl":"https:\/\/kunmedierne.dk\/mors\/wp-content\/uploads\/2023\/08\/Folkescenen-Zar-Paulo-web-fotograf-Per-Bille-230826-DSC05112.jpg","datePublished":"2023-08-31T15:56:10+00:00","dateModified":"2024-08-12T11:11:58+00:00","breadcrumb":{"@id":"https:\/\/kunmedierne.dk\/mors\/kulturmoedet-er-paa-finansloven-igen\/#breadcrumb"},"inLanguage":"da-DK","potentialAction":[{"@type":"ReadAction","target":["https:\/\/kunmedierne.dk\/mors\/kulturmoedet-er-paa-finansloven-igen\/"]}]},{"@type":"ImageObject","inLanguage":"da-DK","@id":"https:\/\/kunmedierne.dk\/mors\/kulturmoedet-er-paa-finansloven-igen\/#primaryimage","url":"https:\/\/kunmedierne.dk\/mors\/wp-content\/uploads\/2023\/08\/Folkescenen-Zar-Paulo-web-fotograf-Per-Bille-230826-DSC05112.jpg","contentUrl":"https:\/\/kunmedierne.dk\/mors\/wp-content\/uploads\/2023\/08\/Folkescenen-Zar-Paulo-web-fotograf-Per-Bille-230826-DSC05112.jpg","width":770,"height":513,"caption":"Zar Paulo under Kulturm\u00f8det Mors 2023. Foto: Per Bille."},{"@type":"BreadcrumbList","@id":"https:\/\/kunmedierne.dk\/mors\/kulturmoedet-er-paa-finansloven-igen\/#breadcrumb","itemListElement":[{"@type":"ListItem","position":1,"name":"Hjem","item":"https:\/\/kunmedierne.dk\/mors\/"},{"@type":"ListItem","position":2,"name":"Kulturm\u00f8det er p\u00e5 finansloven &#8211; igen\u00a0"}]},{"@type":"WebSite","@id":"https:\/\/kunmedierne.dk\/mors\/#website","url":"https:\/\/kunmedierne.dk\/mors\/","name":"Mors","description":"et netmedie med journalistik om livet p\u00e5 Mors","publisher":{"@id":"https:\/\/kunmedierne.dk\/mors\/#organization"},"potentialAction":[{"@type":"SearchAction","target":{"@type":"EntryPoint","urlTemplate":"https:\/\/kunmedierne.dk\/mors\/?s={search_term_string}"},"query-input":{"@type":"PropertyValueSpecification","valueRequired":true,"valueName":"search_term_string"}}],"inLanguage":"da-DK"},{"@type":"Organization","@id":"https:\/\/kunmedierne.dk\/mors\/#organization","name":"Mors","url":"https:\/\/kunmedierne.dk\/mors\/","logo":{"@type":"ImageObject","inLanguage":"da-DK","@id":"https:\/\/kunmedierne.dk\/mors\/#\/schema\/logo\/image\/","url":"https:\/\/kunmedierne.dk\/mors\/wp-content\/uploads\/2024\/08\/kunmors-logo.svg","contentUrl":"https:\/\/kunmedierne.dk\/mors\/wp-content\/uploads\/2024\/08\/kunmors-logo.svg","caption":"Mors"},"image":{"@id":"https:\/\/kunmedierne.dk\/mors\/#\/schema\/logo\/image\/"}},{"@type":"Person","@id":"https:\/\/kunmedierne.dk\/mors\/#\/schema\/person\/5fe23251bf1d0abbcdc6f7896579d548","name":"David H\u00f8jmark","image":{"@type":"ImageObject","inLanguage":"da-DK","@id":"https:\/\/kunmedierne.dk\/mors\/#\/schema\/person\/image\/","url":"https:\/\/secure.gravatar.com\/avatar\/4315d6fb9ef244d729989f5f90268eb08d5bf8a3d84402f595fa194bb35784fd?s=96&d=mm&r=g","contentUrl":"https:\/\/secure.gravatar.com\/avatar\/4315d6fb9ef244d729989f5f90268eb08d5bf8a3d84402f595fa194bb35784fd?s=96&d=mm&r=g","caption":"David H\u00f8jmark"},"sameAs":["https:\/\/www.kunmedierne.dk"],"url":"https:\/\/kunmedierne.dk\/mors\/author\/david\/"}]}},"_links":{"self":[{"href":"https:\/\/kunmedierne.dk\/mors\/wp-json\/wp\/v2\/posts\/100868","targetHints":{"allow":["GET"]}}],"collection":[{"href":"https:\/\/kunmedierne.dk\/mors\/wp-json\/wp\/v2\/posts"}],"about":[{"href":"https:\/\/kunmedierne.dk\/mors\/wp-json\/wp\/v2\/types\/post"}],"author":[{"embeddable":true,"href":"https:\/\/kunmedierne.dk\/mors\/wp-json\/wp\/v2\/users\/8"}],"replies":[{"embeddable":true,"href":"https:\/\/kunmedierne.dk\/mors\/wp-json\/wp\/v2\/comments?post=100868"}],"version-history":[{"count":1,"href":"https:\/\/kunmedierne.dk\/mors\/wp-json\/wp\/v2\/posts\/100868\/revisions"}],"predecessor-version":[{"id":100872,"href":"https:\/\/kunmedierne.dk\/mors\/wp-json\/wp\/v2\/posts\/100868\/revisions\/100872"}],"wp:featuredmedia":[{"embeddable":true,"href":"https:\/\/kunmedierne.dk\/mors\/wp-json\/wp\/v2\/media\/100871"}],"wp:attachment":[{"href":"https:\/\/kunmedierne.dk\/mors\/wp-json\/wp\/v2\/media?parent=100868"}],"wp:term":[{"taxonomy":"category","embeddable":true,"href":"https:\/\/kunmedierne.dk\/mors\/wp-json\/wp\/v2\/categories?post=100868"},{"taxonomy":"post_tag","embeddable":true,"href":"https:\/\/kunmedierne.dk\/mors\/wp-json\/wp\/v2\/tags?post=100868"}],"curies":[{"name":"wp","href":"https:\/\/api.w.org\/{rel}","templated":true}]}}