{"id":100556,"date":"2023-08-26T17:38:39","date_gmt":"2023-08-26T15:38:39","guid":{"rendered":"https:\/\/kunmedierne.dk\/mors\/?p=100556"},"modified":"2024-08-12T13:17:39","modified_gmt":"2024-08-12T11:17:39","slug":"nu-vil-kulturmoedet-mors-vaere-forsamlingshus-for-hele-norden","status":"publish","type":"post","link":"https:\/\/kunmedierne.dk\/mors\/nu-vil-kulturmoedet-mors-vaere-forsamlingshus-for-hele-norden\/","title":{"rendered":"Nu vil Kulturm\u00f8det Mors v\u00e6re forsamlingshus for hele Norden"},"content":{"rendered":"<p><strong>MORS<\/strong>: Tre dage. 10 \u00e5rs-jubil\u00e6um. 18 forskellige scener. Flere end 500 arrangementer. Og op imod 35.000 mennesker til fest.<\/p>\n<p>De t\u00f8rre tal taler et tydeligt sprog om et s\u00e6rdeles vellykket Kulturm\u00f8det Mors 2023.<\/p>\n<p>Det slutter officielt l\u00f8rdag og f\u00e5r et folkeligt punktum, n\u00e5r Zar Paulo lukker Folkescenen l\u00f8rdag aften. Men allerede nu g\u00f8r arrang\u00f8rerne status for det, der med st\u00f8tte fra A.P. M\u00f8ller Fonden ogs\u00e5 var f\u00f8rste skridt i retning mod at blive et nordisk forsamlingshus. Med flere end 45 kunstnere,\u00a0forskere, kulturakt\u00f8rer og unge stemmer fik Norden en helt central plads i programmet.<\/p>\n<a class=\"dvrt-link\" onClick=\"cdmtrack_click(104778,jQuery(this));return false\" href=\"https:\/\/vester-begr.dk\/?gclid=CjwKCAjw5Kv7BRBSEiwAXGDElQB6WMfm9CgYVrruty-I1gaOkTkC3mlA4QRDtYNsxYgVC8sNzAJ7WhoCmBsQAvD_BwE\"><img decoding=\"async\" style=\"width:100%;\" src=\"https:\/\/kunmedierne.dk\/mors\/wp-content\/uploads\/2023\/10\/260203VesterHoukaer-02022026.jpg\"><\/a><script>cdmtrack_view(104778);<\/script>\n<p>Kulturm\u00f8dets direkt\u00f8r, Trine Bang, ser tilbage p\u00e5 Kulturm\u00f8det anno 2023 med gl\u00e6de, og er taknemmelig for publikums store opbakning, der tydeligg\u00f8r, at Kulturm\u00f8det er blevet et samlingspunkt for b\u00e5de befolkningen, st\u00e6rke stemmer, branchefolk og politikere.<\/p>\n<p>&#8211; Kulturm\u00f8det 2023 blev det bedste jubil\u00e6um, vi kunne \u00f8nske os. Det betyder alverden at opleve den overv\u00e6ldende opbakning, som publikum, arrang\u00f8rer og samarbejdspartnere har til Kulturm\u00f8det, siger hun og ser fremad:<\/p>\n<p>&#8211; Med et st\u00e6rkt nordisk fokus er det vores \u00f8nske, at Kulturm\u00f8det i fremtiden skal blive et nordisk forsamlingshus, hvor kunstens og kulturens personligheder fra hele Norden m\u00f8des hvert \u00e5r i august,\u00a0For hvis Norden for alvor skal f\u00f8les n\u00e6rv\u00e6rende for os, der bor her, s\u00e5 handler det om at skabe inspirerende og folkelige m\u00f8desteder for samtaler p\u00e5 kryds og tv\u00e6rs af landegr\u00e6nser, siger Trine Bang.<\/p>\n<p>&nbsp;<\/p>\n<p><strong>En ambiti\u00f8s dr\u00f8m<\/strong><\/p>\n<p>Borgmester for Mors\u00f8 Kommune og formand for Kulturm\u00f8dets bestyrelse, Hans Ejner Bertelsen (V), supplerer:<\/p>\n<p>&#8211; Kulturm\u00f8det er et eksempel p\u00e5, at man kan n\u00e5 utroligt langt p\u00e5 10 \u00e5r, hvis man t\u00f8r dr\u00f8mme stort og investerer sin tro, sit \u00f8nske og f\u00e6lles indsats i en sag. Mange sp\u00e6rrede \u00f8jnene op, da vi for 10 \u00e5r siden n\u00e6rede en dr\u00f8m om, at Mors kunne huse det \u00e5rlige kulturelle h\u00f8jdepunkt i Danmark. Det har vi bevist kan lade sig g\u00f8re, og Kulturm\u00f8det har vokset sig til et nationalt kulturelt m\u00f8dested &#8211; et sted, hvor meninger konfronteres, holdninger udfordres og forbindelser skabes, siger han.<\/p>\n<a class=\"dvrt-link\" onClick=\"cdmtrack_click(169437,jQuery(this));return false\" href=\"https:\/\/thymors.dk\/sponsorater\/15-til-faellesskabet?utm_source=kunmors&amp;utm_medium=annonce&amp;utm_campaign=sponsorater\"><img decoding=\"async\" style=\"width:100%;\" src=\"https:\/\/kunmedierne.dk\/mors\/wp-content\/uploads\/2026\/03\/260407ThyMors-energi_faellesskab_generel-1.jpg\"><\/a><script>cdmtrack_view(169437);<\/script>\n<p>Ogs\u00e5 Mors\u00f8-borgmesteren retter fokus imod, hvad Kulturm\u00f8det Mors kan udvikle sig til.<\/p>\n<p>&#8211; I en tid, hvor krig, mistrivsel og splittelse desv\u00e6rre fylder vores verden, er der i h\u00f8j grad brug for en begivenhed som Kulturm\u00f8det, og nu er den ambiti\u00f8se dr\u00f8m, at Kulturm\u00f8det i fremtiden skal blive kendt som et nordisk forsamlingshus.<\/p>\n<p>&nbsp;<\/p>\n<p><strong>Inspiration og friske id\u00e9er<\/strong><\/p>\n<p>Mads Duedahl, regionsr\u00e5dsformand i Region Nordjylland og n\u00e6stformand for Kulturm\u00f8dets bestyrelse, beskriver det som fantastisk at v\u00e6re vidne til den st\u00f8rrelse, som Kulturm\u00f8det Mors er vokset til p\u00e5 10 \u00e5r.<\/p>\n<p>&#8211; Det er, hvad der sker, n\u00e5r mennesker tror p\u00e5 noget og st\u00e5r sammen om det. Alle omkring Kulturm\u00f8det har en del i, at begivenheden er vokset fra 125 arrangementer til mere end 500, fra f\u00e5 tusinde deltagere til mere end 30.000 deltagere og fra lokalt til nationalt, siger han.<\/p>\n<a class=\"dvrt-link\" onClick=\"cdmtrack_click(104779,jQuery(this));return false\" href=\"https:\/\/morsoe-begravelsesforretning.dk\/\"><img decoding=\"async\" style=\"width:100%;\" src=\"https:\/\/kunmedierne.dk\/mors\/wp-content\/uploads\/2023\/11\/251215-morsoe-begravelsesforretning.jpg\"><\/a><script>cdmtrack_view(104779);<\/script>\n<p>&#8211; I l\u00f8bet af de seneste dage har vi f\u00e5et genoplivet vores erkendelse af, hvor uundv\u00e6rlig kunst og kultur er for vores menneskelige eksistens. Kulturen tilf\u00f8rer vores mentale velv\u00e6re en dybde, styrker vores f\u00e6llesskaber og beriger vores liv med form\u00e5l, en bredere horisont over verden og positive indtryk. Vi har ogs\u00e5 v\u00e6ret vidner til, hvordan kunst og kultur kan bane vejen for forskellige perspektiver og l\u00f8sninger til nogle af de problemer, vi st\u00e5r over for i vores samfund. Jeg er overbevist om, at alle vil deltagende vil forlade Kulturm\u00f8det med fyldt med inspiration og friske id\u00e9er til fremtiden, siger Mads Duedahl.<\/p>\n<p>L\u00f8rdag klokken 21 er der koncert med Zar Paulo p\u00e5 Folkescenen. Klokken 22.30 s\u00e6tter Barselona punktum for Ung Kult p\u00e5 Manegen.<\/p>\n","protected":false},"excerpt":{"rendered":"<p>MORS: Tre dage. 10 \u00e5rs-jubil\u00e6um. 18 forskellige scener. Flere end 500 arrangementer. Og op imod 35.000 mennesker til fest. De t\u00f8rre tal taler et tydeligt sprog om et s\u00e6rdeles vellykket Kulturm\u00f8det Mors 2023. Det slutter officielt l\u00f8rdag og f\u00e5r et folkeligt punktum, n\u00e5r Zar Paulo lukker Folkescenen l\u00f8rdag aften. Men allerede nu g\u00f8r arrang\u00f8rerne status [&hellip;]<\/p>\n","protected":false},"author":8,"featured_media":100559,"comment_status":"closed","ping_status":"open","sticky":false,"template":"","format":"standard","meta":{"_acf_changed":false,"footnotes":""},"categories":[49],"tags":[162],"class_list":["post-100556","post","type-post","status-publish","format-standard","has-post-thumbnail","hentry","category-kultur","tag-kulturmoedet"],"acf":[],"yoast_head":"<!-- This site is optimized with the Yoast SEO plugin v26.8 - https:\/\/yoast.com\/product\/yoast-seo-wordpress\/ -->\n<title>Nu vil Kulturm\u00f8det Mors v\u00e6re forsamlingshus for hele Norden - Mors<\/title>\n<meta name=\"robots\" content=\"index, follow, max-snippet:-1, max-image-preview:large, max-video-preview:-1\" \/>\n<link rel=\"canonical\" href=\"https:\/\/kunmedierne.dk\/mors\/nu-vil-kulturmoedet-mors-vaere-forsamlingshus-for-hele-norden\/\" \/>\n<meta property=\"og:locale\" content=\"da_DK\" \/>\n<meta property=\"og:type\" content=\"article\" \/>\n<meta property=\"og:title\" content=\"Nu vil Kulturm\u00f8det Mors v\u00e6re forsamlingshus for hele Norden - Mors\" \/>\n<meta property=\"og:description\" content=\"MORS: Tre dage. 10 \u00e5rs-jubil\u00e6um. 18 forskellige scener. Flere end 500 arrangementer. Og op imod 35.000 mennesker til fest. De t\u00f8rre tal taler et tydeligt sprog om et s\u00e6rdeles vellykket Kulturm\u00f8det Mors 2023. Det slutter officielt l\u00f8rdag og f\u00e5r et folkeligt punktum, n\u00e5r Zar Paulo lukker Folkescenen l\u00f8rdag aften. Men allerede nu g\u00f8r arrang\u00f8rerne status [&hellip;]\" \/>\n<meta property=\"og:url\" content=\"https:\/\/kunmedierne.dk\/mors\/nu-vil-kulturmoedet-mors-vaere-forsamlingshus-for-hele-norden\/\" \/>\n<meta property=\"og:site_name\" content=\"Mors\" \/>\n<meta property=\"article:published_time\" content=\"2023-08-26T15:38:39+00:00\" \/>\n<meta property=\"article:modified_time\" content=\"2024-08-12T11:17:39+00:00\" \/>\n<meta property=\"og:image\" content=\"https:\/\/kunmedierne.dk\/mors\/wp-content\/uploads\/2023\/08\/Sren_Huss__Kristian_Leth.jpg\" \/>\n\t<meta property=\"og:image:width\" content=\"770\" \/>\n\t<meta property=\"og:image:height\" content=\"513\" \/>\n\t<meta property=\"og:image:type\" content=\"image\/jpeg\" \/>\n<meta name=\"author\" content=\"David H\u00f8jmark\" \/>\n<meta name=\"twitter:card\" content=\"summary_large_image\" \/>\n<meta name=\"twitter:label1\" content=\"Skrevet af\" \/>\n\t<meta name=\"twitter:data1\" content=\"David H\u00f8jmark\" \/>\n\t<meta name=\"twitter:label2\" content=\"Estimeret l\u00e6setid\" \/>\n\t<meta name=\"twitter:data2\" content=\"4 minutter\" \/>\n<script type=\"application\/ld+json\" class=\"yoast-schema-graph\">{\"@context\":\"https:\/\/schema.org\",\"@graph\":[{\"@type\":\"Article\",\"@id\":\"https:\/\/kunmedierne.dk\/mors\/nu-vil-kulturmoedet-mors-vaere-forsamlingshus-for-hele-norden\/#article\",\"isPartOf\":{\"@id\":\"https:\/\/kunmedierne.dk\/mors\/nu-vil-kulturmoedet-mors-vaere-forsamlingshus-for-hele-norden\/\"},\"author\":{\"name\":\"David H\u00f8jmark\",\"@id\":\"https:\/\/kunmedierne.dk\/mors\/#\/schema\/person\/5fe23251bf1d0abbcdc6f7896579d548\"},\"headline\":\"Nu vil Kulturm\u00f8det Mors v\u00e6re forsamlingshus for hele Norden\",\"datePublished\":\"2023-08-26T15:38:39+00:00\",\"dateModified\":\"2024-08-12T11:17:39+00:00\",\"mainEntityOfPage\":{\"@id\":\"https:\/\/kunmedierne.dk\/mors\/nu-vil-kulturmoedet-mors-vaere-forsamlingshus-for-hele-norden\/\"},\"wordCount\":676,\"publisher\":{\"@id\":\"https:\/\/kunmedierne.dk\/mors\/#organization\"},\"image\":{\"@id\":\"https:\/\/kunmedierne.dk\/mors\/nu-vil-kulturmoedet-mors-vaere-forsamlingshus-for-hele-norden\/#primaryimage\"},\"thumbnailUrl\":\"https:\/\/kunmedierne.dk\/mors\/wp-content\/uploads\/2023\/08\/Sren_Huss__Kristian_Leth.jpg\",\"keywords\":[\"Kulturm\u00f8det\"],\"articleSection\":[\"Kultur\"],\"inLanguage\":\"da-DK\"},{\"@type\":\"WebPage\",\"@id\":\"https:\/\/kunmedierne.dk\/mors\/nu-vil-kulturmoedet-mors-vaere-forsamlingshus-for-hele-norden\/\",\"url\":\"https:\/\/kunmedierne.dk\/mors\/nu-vil-kulturmoedet-mors-vaere-forsamlingshus-for-hele-norden\/\",\"name\":\"Nu vil Kulturm\u00f8det Mors v\u00e6re forsamlingshus for hele Norden - Mors\",\"isPartOf\":{\"@id\":\"https:\/\/kunmedierne.dk\/mors\/#website\"},\"primaryImageOfPage\":{\"@id\":\"https:\/\/kunmedierne.dk\/mors\/nu-vil-kulturmoedet-mors-vaere-forsamlingshus-for-hele-norden\/#primaryimage\"},\"image\":{\"@id\":\"https:\/\/kunmedierne.dk\/mors\/nu-vil-kulturmoedet-mors-vaere-forsamlingshus-for-hele-norden\/#primaryimage\"},\"thumbnailUrl\":\"https:\/\/kunmedierne.dk\/mors\/wp-content\/uploads\/2023\/08\/Sren_Huss__Kristian_Leth.jpg\",\"datePublished\":\"2023-08-26T15:38:39+00:00\",\"dateModified\":\"2024-08-12T11:17:39+00:00\",\"breadcrumb\":{\"@id\":\"https:\/\/kunmedierne.dk\/mors\/nu-vil-kulturmoedet-mors-vaere-forsamlingshus-for-hele-norden\/#breadcrumb\"},\"inLanguage\":\"da-DK\",\"potentialAction\":[{\"@type\":\"ReadAction\",\"target\":[\"https:\/\/kunmedierne.dk\/mors\/nu-vil-kulturmoedet-mors-vaere-forsamlingshus-for-hele-norden\/\"]}]},{\"@type\":\"ImageObject\",\"inLanguage\":\"da-DK\",\"@id\":\"https:\/\/kunmedierne.dk\/mors\/nu-vil-kulturmoedet-mors-vaere-forsamlingshus-for-hele-norden\/#primaryimage\",\"url\":\"https:\/\/kunmedierne.dk\/mors\/wp-content\/uploads\/2023\/08\/Sren_Huss__Kristian_Leth.jpg\",\"contentUrl\":\"https:\/\/kunmedierne.dk\/mors\/wp-content\/uploads\/2023\/08\/Sren_Huss__Kristian_Leth.jpg\",\"width\":770,\"height\":513,\"caption\":\"Kristian Leth og S\u00f8ren Huss under Kulturm\u00f8det Mors 2023. Foto: Per Bille.\"},{\"@type\":\"BreadcrumbList\",\"@id\":\"https:\/\/kunmedierne.dk\/mors\/nu-vil-kulturmoedet-mors-vaere-forsamlingshus-for-hele-norden\/#breadcrumb\",\"itemListElement\":[{\"@type\":\"ListItem\",\"position\":1,\"name\":\"Hjem\",\"item\":\"https:\/\/kunmedierne.dk\/mors\/\"},{\"@type\":\"ListItem\",\"position\":2,\"name\":\"Nu vil Kulturm\u00f8det Mors v\u00e6re forsamlingshus for hele Norden\"}]},{\"@type\":\"WebSite\",\"@id\":\"https:\/\/kunmedierne.dk\/mors\/#website\",\"url\":\"https:\/\/kunmedierne.dk\/mors\/\",\"name\":\"Mors\",\"description\":\"et netmedie med journalistik om livet p\u00e5 Mors\",\"publisher\":{\"@id\":\"https:\/\/kunmedierne.dk\/mors\/#organization\"},\"potentialAction\":[{\"@type\":\"SearchAction\",\"target\":{\"@type\":\"EntryPoint\",\"urlTemplate\":\"https:\/\/kunmedierne.dk\/mors\/?s={search_term_string}\"},\"query-input\":{\"@type\":\"PropertyValueSpecification\",\"valueRequired\":true,\"valueName\":\"search_term_string\"}}],\"inLanguage\":\"da-DK\"},{\"@type\":\"Organization\",\"@id\":\"https:\/\/kunmedierne.dk\/mors\/#organization\",\"name\":\"Mors\",\"url\":\"https:\/\/kunmedierne.dk\/mors\/\",\"logo\":{\"@type\":\"ImageObject\",\"inLanguage\":\"da-DK\",\"@id\":\"https:\/\/kunmedierne.dk\/mors\/#\/schema\/logo\/image\/\",\"url\":\"https:\/\/kunmedierne.dk\/mors\/wp-content\/uploads\/2024\/08\/kunmors-logo.svg\",\"contentUrl\":\"https:\/\/kunmedierne.dk\/mors\/wp-content\/uploads\/2024\/08\/kunmors-logo.svg\",\"caption\":\"Mors\"},\"image\":{\"@id\":\"https:\/\/kunmedierne.dk\/mors\/#\/schema\/logo\/image\/\"}},{\"@type\":\"Person\",\"@id\":\"https:\/\/kunmedierne.dk\/mors\/#\/schema\/person\/5fe23251bf1d0abbcdc6f7896579d548\",\"name\":\"David H\u00f8jmark\",\"image\":{\"@type\":\"ImageObject\",\"inLanguage\":\"da-DK\",\"@id\":\"https:\/\/kunmedierne.dk\/mors\/#\/schema\/person\/image\/\",\"url\":\"https:\/\/secure.gravatar.com\/avatar\/4315d6fb9ef244d729989f5f90268eb08d5bf8a3d84402f595fa194bb35784fd?s=96&d=mm&r=g\",\"contentUrl\":\"https:\/\/secure.gravatar.com\/avatar\/4315d6fb9ef244d729989f5f90268eb08d5bf8a3d84402f595fa194bb35784fd?s=96&d=mm&r=g\",\"caption\":\"David H\u00f8jmark\"},\"sameAs\":[\"https:\/\/www.kunmedierne.dk\"],\"url\":\"https:\/\/kunmedierne.dk\/mors\/author\/david\/\"}]}<\/script>\n<!-- \/ Yoast SEO plugin. -->","yoast_head_json":{"title":"Nu vil Kulturm\u00f8det Mors v\u00e6re forsamlingshus for hele Norden - Mors","robots":{"index":"index","follow":"follow","max-snippet":"max-snippet:-1","max-image-preview":"max-image-preview:large","max-video-preview":"max-video-preview:-1"},"canonical":"https:\/\/kunmedierne.dk\/mors\/nu-vil-kulturmoedet-mors-vaere-forsamlingshus-for-hele-norden\/","og_locale":"da_DK","og_type":"article","og_title":"Nu vil Kulturm\u00f8det Mors v\u00e6re forsamlingshus for hele Norden - Mors","og_description":"MORS: Tre dage. 10 \u00e5rs-jubil\u00e6um. 18 forskellige scener. Flere end 500 arrangementer. Og op imod 35.000 mennesker til fest. De t\u00f8rre tal taler et tydeligt sprog om et s\u00e6rdeles vellykket Kulturm\u00f8det Mors 2023. Det slutter officielt l\u00f8rdag og f\u00e5r et folkeligt punktum, n\u00e5r Zar Paulo lukker Folkescenen l\u00f8rdag aften. Men allerede nu g\u00f8r arrang\u00f8rerne status [&hellip;]","og_url":"https:\/\/kunmedierne.dk\/mors\/nu-vil-kulturmoedet-mors-vaere-forsamlingshus-for-hele-norden\/","og_site_name":"Mors","article_published_time":"2023-08-26T15:38:39+00:00","article_modified_time":"2024-08-12T11:17:39+00:00","og_image":[{"width":770,"height":513,"url":"https:\/\/kunmedierne.dk\/mors\/wp-content\/uploads\/2023\/08\/Sren_Huss__Kristian_Leth.jpg","type":"image\/jpeg"}],"author":"David H\u00f8jmark","twitter_card":"summary_large_image","twitter_misc":{"Skrevet af":"David H\u00f8jmark","Estimeret l\u00e6setid":"4 minutter"},"schema":{"@context":"https:\/\/schema.org","@graph":[{"@type":"Article","@id":"https:\/\/kunmedierne.dk\/mors\/nu-vil-kulturmoedet-mors-vaere-forsamlingshus-for-hele-norden\/#article","isPartOf":{"@id":"https:\/\/kunmedierne.dk\/mors\/nu-vil-kulturmoedet-mors-vaere-forsamlingshus-for-hele-norden\/"},"author":{"name":"David H\u00f8jmark","@id":"https:\/\/kunmedierne.dk\/mors\/#\/schema\/person\/5fe23251bf1d0abbcdc6f7896579d548"},"headline":"Nu vil Kulturm\u00f8det Mors v\u00e6re forsamlingshus for hele Norden","datePublished":"2023-08-26T15:38:39+00:00","dateModified":"2024-08-12T11:17:39+00:00","mainEntityOfPage":{"@id":"https:\/\/kunmedierne.dk\/mors\/nu-vil-kulturmoedet-mors-vaere-forsamlingshus-for-hele-norden\/"},"wordCount":676,"publisher":{"@id":"https:\/\/kunmedierne.dk\/mors\/#organization"},"image":{"@id":"https:\/\/kunmedierne.dk\/mors\/nu-vil-kulturmoedet-mors-vaere-forsamlingshus-for-hele-norden\/#primaryimage"},"thumbnailUrl":"https:\/\/kunmedierne.dk\/mors\/wp-content\/uploads\/2023\/08\/Sren_Huss__Kristian_Leth.jpg","keywords":["Kulturm\u00f8det"],"articleSection":["Kultur"],"inLanguage":"da-DK"},{"@type":"WebPage","@id":"https:\/\/kunmedierne.dk\/mors\/nu-vil-kulturmoedet-mors-vaere-forsamlingshus-for-hele-norden\/","url":"https:\/\/kunmedierne.dk\/mors\/nu-vil-kulturmoedet-mors-vaere-forsamlingshus-for-hele-norden\/","name":"Nu vil Kulturm\u00f8det Mors v\u00e6re forsamlingshus for hele Norden - Mors","isPartOf":{"@id":"https:\/\/kunmedierne.dk\/mors\/#website"},"primaryImageOfPage":{"@id":"https:\/\/kunmedierne.dk\/mors\/nu-vil-kulturmoedet-mors-vaere-forsamlingshus-for-hele-norden\/#primaryimage"},"image":{"@id":"https:\/\/kunmedierne.dk\/mors\/nu-vil-kulturmoedet-mors-vaere-forsamlingshus-for-hele-norden\/#primaryimage"},"thumbnailUrl":"https:\/\/kunmedierne.dk\/mors\/wp-content\/uploads\/2023\/08\/Sren_Huss__Kristian_Leth.jpg","datePublished":"2023-08-26T15:38:39+00:00","dateModified":"2024-08-12T11:17:39+00:00","breadcrumb":{"@id":"https:\/\/kunmedierne.dk\/mors\/nu-vil-kulturmoedet-mors-vaere-forsamlingshus-for-hele-norden\/#breadcrumb"},"inLanguage":"da-DK","potentialAction":[{"@type":"ReadAction","target":["https:\/\/kunmedierne.dk\/mors\/nu-vil-kulturmoedet-mors-vaere-forsamlingshus-for-hele-norden\/"]}]},{"@type":"ImageObject","inLanguage":"da-DK","@id":"https:\/\/kunmedierne.dk\/mors\/nu-vil-kulturmoedet-mors-vaere-forsamlingshus-for-hele-norden\/#primaryimage","url":"https:\/\/kunmedierne.dk\/mors\/wp-content\/uploads\/2023\/08\/Sren_Huss__Kristian_Leth.jpg","contentUrl":"https:\/\/kunmedierne.dk\/mors\/wp-content\/uploads\/2023\/08\/Sren_Huss__Kristian_Leth.jpg","width":770,"height":513,"caption":"Kristian Leth og S\u00f8ren Huss under Kulturm\u00f8det Mors 2023. Foto: Per Bille."},{"@type":"BreadcrumbList","@id":"https:\/\/kunmedierne.dk\/mors\/nu-vil-kulturmoedet-mors-vaere-forsamlingshus-for-hele-norden\/#breadcrumb","itemListElement":[{"@type":"ListItem","position":1,"name":"Hjem","item":"https:\/\/kunmedierne.dk\/mors\/"},{"@type":"ListItem","position":2,"name":"Nu vil Kulturm\u00f8det Mors v\u00e6re forsamlingshus for hele Norden"}]},{"@type":"WebSite","@id":"https:\/\/kunmedierne.dk\/mors\/#website","url":"https:\/\/kunmedierne.dk\/mors\/","name":"Mors","description":"et netmedie med journalistik om livet p\u00e5 Mors","publisher":{"@id":"https:\/\/kunmedierne.dk\/mors\/#organization"},"potentialAction":[{"@type":"SearchAction","target":{"@type":"EntryPoint","urlTemplate":"https:\/\/kunmedierne.dk\/mors\/?s={search_term_string}"},"query-input":{"@type":"PropertyValueSpecification","valueRequired":true,"valueName":"search_term_string"}}],"inLanguage":"da-DK"},{"@type":"Organization","@id":"https:\/\/kunmedierne.dk\/mors\/#organization","name":"Mors","url":"https:\/\/kunmedierne.dk\/mors\/","logo":{"@type":"ImageObject","inLanguage":"da-DK","@id":"https:\/\/kunmedierne.dk\/mors\/#\/schema\/logo\/image\/","url":"https:\/\/kunmedierne.dk\/mors\/wp-content\/uploads\/2024\/08\/kunmors-logo.svg","contentUrl":"https:\/\/kunmedierne.dk\/mors\/wp-content\/uploads\/2024\/08\/kunmors-logo.svg","caption":"Mors"},"image":{"@id":"https:\/\/kunmedierne.dk\/mors\/#\/schema\/logo\/image\/"}},{"@type":"Person","@id":"https:\/\/kunmedierne.dk\/mors\/#\/schema\/person\/5fe23251bf1d0abbcdc6f7896579d548","name":"David H\u00f8jmark","image":{"@type":"ImageObject","inLanguage":"da-DK","@id":"https:\/\/kunmedierne.dk\/mors\/#\/schema\/person\/image\/","url":"https:\/\/secure.gravatar.com\/avatar\/4315d6fb9ef244d729989f5f90268eb08d5bf8a3d84402f595fa194bb35784fd?s=96&d=mm&r=g","contentUrl":"https:\/\/secure.gravatar.com\/avatar\/4315d6fb9ef244d729989f5f90268eb08d5bf8a3d84402f595fa194bb35784fd?s=96&d=mm&r=g","caption":"David H\u00f8jmark"},"sameAs":["https:\/\/www.kunmedierne.dk"],"url":"https:\/\/kunmedierne.dk\/mors\/author\/david\/"}]}},"_links":{"self":[{"href":"https:\/\/kunmedierne.dk\/mors\/wp-json\/wp\/v2\/posts\/100556","targetHints":{"allow":["GET"]}}],"collection":[{"href":"https:\/\/kunmedierne.dk\/mors\/wp-json\/wp\/v2\/posts"}],"about":[{"href":"https:\/\/kunmedierne.dk\/mors\/wp-json\/wp\/v2\/types\/post"}],"author":[{"embeddable":true,"href":"https:\/\/kunmedierne.dk\/mors\/wp-json\/wp\/v2\/users\/8"}],"replies":[{"embeddable":true,"href":"https:\/\/kunmedierne.dk\/mors\/wp-json\/wp\/v2\/comments?post=100556"}],"version-history":[{"count":2,"href":"https:\/\/kunmedierne.dk\/mors\/wp-json\/wp\/v2\/posts\/100556\/revisions"}],"predecessor-version":[{"id":100560,"href":"https:\/\/kunmedierne.dk\/mors\/wp-json\/wp\/v2\/posts\/100556\/revisions\/100560"}],"wp:featuredmedia":[{"embeddable":true,"href":"https:\/\/kunmedierne.dk\/mors\/wp-json\/wp\/v2\/media\/100559"}],"wp:attachment":[{"href":"https:\/\/kunmedierne.dk\/mors\/wp-json\/wp\/v2\/media?parent=100556"}],"wp:term":[{"taxonomy":"category","embeddable":true,"href":"https:\/\/kunmedierne.dk\/mors\/wp-json\/wp\/v2\/categories?post=100556"},{"taxonomy":"post_tag","embeddable":true,"href":"https:\/\/kunmedierne.dk\/mors\/wp-json\/wp\/v2\/tags?post=100556"}],"curies":[{"name":"wp","href":"https:\/\/api.w.org\/{rel}","templated":true}]}}