{"id":100475,"date":"2023-08-25T11:06:52","date_gmt":"2023-08-25T09:06:52","guid":{"rendered":"https:\/\/kunmedierne.dk\/mors\/?p=100475"},"modified":"2024-08-12T13:17:40","modified_gmt":"2024-08-12T11:17:40","slug":"kulturmoedet-det-er-fedt-at-blive-provokeret","status":"publish","type":"post","link":"https:\/\/kunmedierne.dk\/mors\/kulturmoedet-det-er-fedt-at-blive-provokeret\/","title":{"rendered":"Kulturm\u00f8det: &#8220;Det er fedt at blive provokeret&#8221;"},"content":{"rendered":"<p><b><span data-contrast=\"auto\">KULTURM\u00d8DET: <\/span><\/b><span data-contrast=\"auto\">Skyerne h\u00e6nger tungt over Nyk\u00f8bing her til formiddag. I g\u00e5gaden er en mand i hvid T-shirt ved at reng\u00f8re den gr\u00f8nne l\u00f8ber, der efter nattens regn er blevet mudret og sort. Den kan heldigvis let skrabes ren. <\/span><span data-ccp-props=\"{&quot;201341983&quot;:0,&quot;335551550&quot;:0,&quot;335551620&quot;:0,&quot;335559739&quot;:160,&quot;335559740&quot;:259}\">\u00a0<\/span><\/p>\n<a class=\"dvrt-link\" onClick=\"cdmtrack_click(104786,jQuery(this));return false\" href=\"https:\/\/limfjordsteatret.dk\/events\/tobias-dybvad-mit-bedste-onemanshow\/\"><img decoding=\"async\" style=\"width:100%;\" src=\"https:\/\/kunmedierne.dk\/mors\/wp-content\/uploads\/2023\/10\/aarskortLim_KunMors_1100x125.jpg\"><\/a><script>cdmtrack_view(104786);<\/script>\n<p><span data-contrast=\"auto\">Gasv\u00e6rksvej er som en myretue. Fyldt med folk der taler b\u00e5de \u00e5rhusiansk, k\u00f8benhavnsk og s\u00f8nderjysk. Kulturm\u00f8det bringer hele Danmark til Nyk\u00f8bing, men morsingboerne er her ogs\u00e5 selv. Midt p\u00e5 gaden m\u00f8der vi malermester, Jens Damgaard, der sammen med sin kammerat Sten Flugt, er i fuld gang med at suge Kulturm\u00f8det til sig. Jens har v\u00e6ret g\u00e6st siden begyndelsen, i 2013. For Sten Flugts vedkommende er det anden gang han er med.<\/span><span data-ccp-props=\"{&quot;201341983&quot;:0,&quot;335551550&quot;:0,&quot;335551620&quot;:0,&quot;335559739&quot;:160,&quot;335559740&quot;:259}\">\u00a0<\/span><\/p>\n<p><span data-contrast=\"auto\">&#8211; Udover, at der er mange flere mennesker, end der plejer at v\u00e6re p\u00e5 \u00f8en, s\u00e5 er det bare enormt hyggeligt. Siger Sten og kigger ud over gaden, der vrimler med folk.<\/span><span data-ccp-props=\"{&quot;201341983&quot;:0,&quot;335551550&quot;:0,&quot;335551620&quot;:0,&quot;335559739&quot;:160,&quot;335559740&quot;:259}\">\u00a0<\/span><\/p>\n<p><span data-contrast=\"auto\">Jens er uddannet maler, Sten er smed. Venneparret er ikke typiske storforbrugere af kultur. Det siger de selv. De har ikke deres egen podcast, og de sluger nok heller ikke Dostojevskij romaner som godnat l\u00e6sning. Men Kulturm\u00f8det tiltr\u00e6kker dem, og det er der flere grunde til. Jens fort\u00e6ller:<\/span><span data-ccp-props=\"{&quot;201341983&quot;:0,&quot;335551550&quot;:0,&quot;335551620&quot;:0,&quot;335559739&quot;:160,&quot;335559740&quot;:259}\">\u00a0<\/span><\/p>\n<p><span data-contrast=\"auto\">&#8211; Jeg g\u00e5r til koncerter en gang imellem, men ellers benytter jeg som s\u00e5dan ikke kulturtilbud. Det der er fedt ved Kulturm\u00f8det det er, at man b\u00e5de kan finde en masse &#8220;ufarlige&#8221; ting i programmet, men man kan ogs\u00e5 finde ting, der provokerer en. Det er fedt! Man bestemmer jo selv, hvor meget man vil provokeres. Vi har lige h\u00f8rt nogle operasangere. Vi g\u00e5r ellers bestemt ikke og lytter til opera til dagligt, men det der, det var sgu fedt! De var fantastisk dygtige.<\/span><span data-ccp-props=\"{&quot;201341983&quot;:0,&quot;335551550&quot;:0,&quot;335551620&quot;:0,&quot;335559739&quot;:160,&quot;335559740&quot;:259}\">\u00a0<\/span><\/p>\n<a class=\"dvrt-link\" onClick=\"cdmtrack_click(104781,jQuery(this));return false\" href=\"https:\/\/www.fmspks.dk\/\"><img decoding=\"async\" style=\"width:100%;\" src=\"https:\/\/kunmedierne.dk\/mors\/wp-content\/uploads\/2022\/02\/vip-froeslev-mollerup-sparekasse.jpg\"><\/a><script>cdmtrack_view(104781);<\/script>\n<p><span data-contrast=\"auto\">Jens og Sten sammenligner Kulturm\u00f8det med \u00c5rhus Festuge, hvor Jens er kommet i mange \u00e5r. Han siger:<\/span><span data-ccp-props=\"{&quot;201341983&quot;:0,&quot;335551550&quot;:0,&quot;335551620&quot;:0,&quot;335559739&quot;:160,&quot;335559740&quot;:259}\">\u00a0<\/span><\/p>\n<p><span data-contrast=\"auto\">&#8211; Men Kulturm\u00f8det det er bare bedre. I gamle dage var \u00c5rhus Festuge gratis &#8211; nu er det bare blevet pisse dyrt. Kulturm\u00f8det er fortsat gratis. Det er for alle. Helt nede p\u00e5 jorden. \u00d8llene er lidt dyre, men herregud, man kan jo bare k\u00f8be en \u00f8l i Netto i stedet. Kulturm\u00f8det er hvad \u00c5rhus Festuge var i gamle dage. Det er fedt!<\/span><span data-ccp-props=\"{&quot;201341983&quot;:0,&quot;335551550&quot;:0,&quot;335551620&quot;:0,&quot;335559739&quot;:160,&quot;335559740&quot;:259}\">\u00a0<\/span><\/p>\n<p><span data-contrast=\"auto\">P\u00e5 g\u00e5gaden er manden i den hvide T-shirt f\u00e6rdig med at g\u00f8re den gr\u00f8nne l\u00f8ber ren. Nu er han i gang med at opstille en masse borde. Klokken 12 er der f\u00e6llesfrokost ved langbordet i g\u00e5gaden. Og mon ikke mods\u00e6tninger ogs\u00e5 m\u00f8des der. <\/span><span data-ccp-props=\"{&quot;201341983&quot;:0,&quot;335551550&quot;:0,&quot;335551620&quot;:0,&quot;335559739&quot;:160,&quot;335559740&quot;:259}\">\u00a0<\/span><\/p>\n<p>&nbsp;<\/p>\n<blockquote>\n<h4>L\u00c6S OGS\u00c5:<\/h4>\n<h5><a href=\"https:\/\/kunmedierne.dk\/mors\/kulturmoedet-behovet-for-at-flirte-med-det-fremmede\/\" target=\"_blank\" rel=\"noopener\">KULTURM\u00d8DET: Behovet for at flirte med det fremmede<\/a><\/h5>\n<\/blockquote>\n","protected":false},"excerpt":{"rendered":"<p>KULTURM\u00d8DET: Skyerne h\u00e6nger tungt over Nyk\u00f8bing her til formiddag. I g\u00e5gaden er en mand i hvid T-shirt ved at reng\u00f8re den gr\u00f8nne l\u00f8ber, der efter nattens regn er blevet mudret og sort. Den kan heldigvis let skrabes ren. \u00a0 Gasv\u00e6rksvej er som en myretue. Fyldt med folk der taler b\u00e5de \u00e5rhusiansk, k\u00f8benhavnsk og s\u00f8nderjysk. Kulturm\u00f8det [&hellip;]<\/p>\n","protected":false},"author":2507,"featured_media":100477,"comment_status":"closed","ping_status":"open","sticky":false,"template":"","format":"standard","meta":{"_acf_changed":false,"footnotes":""},"categories":[49],"tags":[162],"class_list":["post-100475","post","type-post","status-publish","format-standard","has-post-thumbnail","hentry","category-kultur","tag-kulturmoedet"],"acf":[],"yoast_head":"<!-- This site is optimized with the Yoast SEO plugin v26.8 - https:\/\/yoast.com\/product\/yoast-seo-wordpress\/ -->\n<title>Kulturm\u00f8det: &quot;Det er fedt at blive provokeret&quot; - Mors<\/title>\n<meta name=\"robots\" content=\"index, follow, max-snippet:-1, max-image-preview:large, max-video-preview:-1\" \/>\n<link rel=\"canonical\" href=\"https:\/\/kunmedierne.dk\/mors\/kulturmoedet-det-er-fedt-at-blive-provokeret\/\" \/>\n<meta property=\"og:locale\" content=\"da_DK\" \/>\n<meta property=\"og:type\" content=\"article\" \/>\n<meta property=\"og:title\" content=\"Kulturm\u00f8det: &quot;Det er fedt at blive provokeret&quot; - Mors\" \/>\n<meta property=\"og:description\" content=\"KULTURM\u00d8DET: Skyerne h\u00e6nger tungt over Nyk\u00f8bing her til formiddag. I g\u00e5gaden er en mand i hvid T-shirt ved at reng\u00f8re den gr\u00f8nne l\u00f8ber, der efter nattens regn er blevet mudret og sort. Den kan heldigvis let skrabes ren. \u00a0 Gasv\u00e6rksvej er som en myretue. Fyldt med folk der taler b\u00e5de \u00e5rhusiansk, k\u00f8benhavnsk og s\u00f8nderjysk. Kulturm\u00f8det [&hellip;]\" \/>\n<meta property=\"og:url\" content=\"https:\/\/kunmedierne.dk\/mors\/kulturmoedet-det-er-fedt-at-blive-provokeret\/\" \/>\n<meta property=\"og:site_name\" content=\"Mors\" \/>\n<meta property=\"article:published_time\" content=\"2023-08-25T09:06:52+00:00\" \/>\n<meta property=\"article:modified_time\" content=\"2024-08-12T11:17:40+00:00\" \/>\n<meta property=\"og:image\" content=\"https:\/\/kunmedierne.dk\/mors\/wp-content\/uploads\/2023\/08\/provokeret-scaled.jpg\" \/>\n\t<meta property=\"og:image:width\" content=\"2560\" \/>\n\t<meta property=\"og:image:height\" content=\"1707\" \/>\n\t<meta property=\"og:image:type\" content=\"image\/jpeg\" \/>\n<meta name=\"author\" content=\"Katrine Hedegaard\" \/>\n<meta name=\"twitter:card\" content=\"summary_large_image\" \/>\n<meta name=\"twitter:label1\" content=\"Skrevet af\" \/>\n\t<meta name=\"twitter:data1\" content=\"Katrine Hedegaard\" \/>\n\t<meta name=\"twitter:label2\" content=\"Estimeret l\u00e6setid\" \/>\n\t<meta name=\"twitter:data2\" content=\"3 minutter\" \/>\n<script type=\"application\/ld+json\" class=\"yoast-schema-graph\">{\"@context\":\"https:\/\/schema.org\",\"@graph\":[{\"@type\":\"Article\",\"@id\":\"https:\/\/kunmedierne.dk\/mors\/kulturmoedet-det-er-fedt-at-blive-provokeret\/#article\",\"isPartOf\":{\"@id\":\"https:\/\/kunmedierne.dk\/mors\/kulturmoedet-det-er-fedt-at-blive-provokeret\/\"},\"author\":{\"name\":\"Katrine Hedegaard\",\"@id\":\"https:\/\/kunmedierne.dk\/mors\/#\/schema\/person\/b2e62a38069b12365e53e087a8709c64\"},\"headline\":\"Kulturm\u00f8det: &#8220;Det er fedt at blive provokeret&#8221;\",\"datePublished\":\"2023-08-25T09:06:52+00:00\",\"dateModified\":\"2024-08-12T11:17:40+00:00\",\"mainEntityOfPage\":{\"@id\":\"https:\/\/kunmedierne.dk\/mors\/kulturmoedet-det-er-fedt-at-blive-provokeret\/\"},\"wordCount\":461,\"publisher\":{\"@id\":\"https:\/\/kunmedierne.dk\/mors\/#organization\"},\"image\":{\"@id\":\"https:\/\/kunmedierne.dk\/mors\/kulturmoedet-det-er-fedt-at-blive-provokeret\/#primaryimage\"},\"thumbnailUrl\":\"https:\/\/kunmedierne.dk\/mors\/wp-content\/uploads\/2023\/08\/provokeret-scaled.jpg\",\"keywords\":[\"Kulturm\u00f8det\"],\"articleSection\":[\"Kultur\"],\"inLanguage\":\"da-DK\"},{\"@type\":\"WebPage\",\"@id\":\"https:\/\/kunmedierne.dk\/mors\/kulturmoedet-det-er-fedt-at-blive-provokeret\/\",\"url\":\"https:\/\/kunmedierne.dk\/mors\/kulturmoedet-det-er-fedt-at-blive-provokeret\/\",\"name\":\"Kulturm\u00f8det: \\\"Det er fedt at blive provokeret\\\" - Mors\",\"isPartOf\":{\"@id\":\"https:\/\/kunmedierne.dk\/mors\/#website\"},\"primaryImageOfPage\":{\"@id\":\"https:\/\/kunmedierne.dk\/mors\/kulturmoedet-det-er-fedt-at-blive-provokeret\/#primaryimage\"},\"image\":{\"@id\":\"https:\/\/kunmedierne.dk\/mors\/kulturmoedet-det-er-fedt-at-blive-provokeret\/#primaryimage\"},\"thumbnailUrl\":\"https:\/\/kunmedierne.dk\/mors\/wp-content\/uploads\/2023\/08\/provokeret-scaled.jpg\",\"datePublished\":\"2023-08-25T09:06:52+00:00\",\"dateModified\":\"2024-08-12T11:17:40+00:00\",\"breadcrumb\":{\"@id\":\"https:\/\/kunmedierne.dk\/mors\/kulturmoedet-det-er-fedt-at-blive-provokeret\/#breadcrumb\"},\"inLanguage\":\"da-DK\",\"potentialAction\":[{\"@type\":\"ReadAction\",\"target\":[\"https:\/\/kunmedierne.dk\/mors\/kulturmoedet-det-er-fedt-at-blive-provokeret\/\"]}]},{\"@type\":\"ImageObject\",\"inLanguage\":\"da-DK\",\"@id\":\"https:\/\/kunmedierne.dk\/mors\/kulturmoedet-det-er-fedt-at-blive-provokeret\/#primaryimage\",\"url\":\"https:\/\/kunmedierne.dk\/mors\/wp-content\/uploads\/2023\/08\/provokeret-scaled.jpg\",\"contentUrl\":\"https:\/\/kunmedierne.dk\/mors\/wp-content\/uploads\/2023\/08\/provokeret-scaled.jpg\",\"width\":2560,\"height\":1707,\"caption\":\"Sten Flugt og\u00a0Jens Damgaard, Kulturm\u00f8det 2023\"},{\"@type\":\"BreadcrumbList\",\"@id\":\"https:\/\/kunmedierne.dk\/mors\/kulturmoedet-det-er-fedt-at-blive-provokeret\/#breadcrumb\",\"itemListElement\":[{\"@type\":\"ListItem\",\"position\":1,\"name\":\"Hjem\",\"item\":\"https:\/\/kunmedierne.dk\/mors\/\"},{\"@type\":\"ListItem\",\"position\":2,\"name\":\"Kulturm\u00f8det: &#8220;Det er fedt at blive provokeret&#8221;\"}]},{\"@type\":\"WebSite\",\"@id\":\"https:\/\/kunmedierne.dk\/mors\/#website\",\"url\":\"https:\/\/kunmedierne.dk\/mors\/\",\"name\":\"Mors\",\"description\":\"et netmedie med journalistik om livet p\u00e5 Mors\",\"publisher\":{\"@id\":\"https:\/\/kunmedierne.dk\/mors\/#organization\"},\"potentialAction\":[{\"@type\":\"SearchAction\",\"target\":{\"@type\":\"EntryPoint\",\"urlTemplate\":\"https:\/\/kunmedierne.dk\/mors\/?s={search_term_string}\"},\"query-input\":{\"@type\":\"PropertyValueSpecification\",\"valueRequired\":true,\"valueName\":\"search_term_string\"}}],\"inLanguage\":\"da-DK\"},{\"@type\":\"Organization\",\"@id\":\"https:\/\/kunmedierne.dk\/mors\/#organization\",\"name\":\"Mors\",\"url\":\"https:\/\/kunmedierne.dk\/mors\/\",\"logo\":{\"@type\":\"ImageObject\",\"inLanguage\":\"da-DK\",\"@id\":\"https:\/\/kunmedierne.dk\/mors\/#\/schema\/logo\/image\/\",\"url\":\"https:\/\/kunmedierne.dk\/mors\/wp-content\/uploads\/2024\/08\/kunmors-logo.svg\",\"contentUrl\":\"https:\/\/kunmedierne.dk\/mors\/wp-content\/uploads\/2024\/08\/kunmors-logo.svg\",\"caption\":\"Mors\"},\"image\":{\"@id\":\"https:\/\/kunmedierne.dk\/mors\/#\/schema\/logo\/image\/\"}},{\"@type\":\"Person\",\"@id\":\"https:\/\/kunmedierne.dk\/mors\/#\/schema\/person\/b2e62a38069b12365e53e087a8709c64\",\"name\":\"Katrine Hedegaard\",\"image\":{\"@type\":\"ImageObject\",\"inLanguage\":\"da-DK\",\"@id\":\"https:\/\/kunmedierne.dk\/mors\/#\/schema\/person\/image\/\",\"url\":\"https:\/\/secure.gravatar.com\/avatar\/18a5c72fa9148052fd3ed5a58b40fc83cfdc9811090e6e6eec9539af058edcc0?s=96&d=mm&r=g\",\"contentUrl\":\"https:\/\/secure.gravatar.com\/avatar\/18a5c72fa9148052fd3ed5a58b40fc83cfdc9811090e6e6eec9539af058edcc0?s=96&d=mm&r=g\",\"caption\":\"Katrine Hedegaard\"},\"url\":\"https:\/\/kunmedierne.dk\/mors\/author\/katrine\/\"}]}<\/script>\n<!-- \/ Yoast SEO plugin. -->","yoast_head_json":{"title":"Kulturm\u00f8det: \"Det er fedt at blive provokeret\" - Mors","robots":{"index":"index","follow":"follow","max-snippet":"max-snippet:-1","max-image-preview":"max-image-preview:large","max-video-preview":"max-video-preview:-1"},"canonical":"https:\/\/kunmedierne.dk\/mors\/kulturmoedet-det-er-fedt-at-blive-provokeret\/","og_locale":"da_DK","og_type":"article","og_title":"Kulturm\u00f8det: \"Det er fedt at blive provokeret\" - Mors","og_description":"KULTURM\u00d8DET: Skyerne h\u00e6nger tungt over Nyk\u00f8bing her til formiddag. I g\u00e5gaden er en mand i hvid T-shirt ved at reng\u00f8re den gr\u00f8nne l\u00f8ber, der efter nattens regn er blevet mudret og sort. Den kan heldigvis let skrabes ren. \u00a0 Gasv\u00e6rksvej er som en myretue. Fyldt med folk der taler b\u00e5de \u00e5rhusiansk, k\u00f8benhavnsk og s\u00f8nderjysk. Kulturm\u00f8det [&hellip;]","og_url":"https:\/\/kunmedierne.dk\/mors\/kulturmoedet-det-er-fedt-at-blive-provokeret\/","og_site_name":"Mors","article_published_time":"2023-08-25T09:06:52+00:00","article_modified_time":"2024-08-12T11:17:40+00:00","og_image":[{"width":2560,"height":1707,"url":"https:\/\/kunmedierne.dk\/mors\/wp-content\/uploads\/2023\/08\/provokeret-scaled.jpg","type":"image\/jpeg"}],"author":"Katrine Hedegaard","twitter_card":"summary_large_image","twitter_misc":{"Skrevet af":"Katrine Hedegaard","Estimeret l\u00e6setid":"3 minutter"},"schema":{"@context":"https:\/\/schema.org","@graph":[{"@type":"Article","@id":"https:\/\/kunmedierne.dk\/mors\/kulturmoedet-det-er-fedt-at-blive-provokeret\/#article","isPartOf":{"@id":"https:\/\/kunmedierne.dk\/mors\/kulturmoedet-det-er-fedt-at-blive-provokeret\/"},"author":{"name":"Katrine Hedegaard","@id":"https:\/\/kunmedierne.dk\/mors\/#\/schema\/person\/b2e62a38069b12365e53e087a8709c64"},"headline":"Kulturm\u00f8det: &#8220;Det er fedt at blive provokeret&#8221;","datePublished":"2023-08-25T09:06:52+00:00","dateModified":"2024-08-12T11:17:40+00:00","mainEntityOfPage":{"@id":"https:\/\/kunmedierne.dk\/mors\/kulturmoedet-det-er-fedt-at-blive-provokeret\/"},"wordCount":461,"publisher":{"@id":"https:\/\/kunmedierne.dk\/mors\/#organization"},"image":{"@id":"https:\/\/kunmedierne.dk\/mors\/kulturmoedet-det-er-fedt-at-blive-provokeret\/#primaryimage"},"thumbnailUrl":"https:\/\/kunmedierne.dk\/mors\/wp-content\/uploads\/2023\/08\/provokeret-scaled.jpg","keywords":["Kulturm\u00f8det"],"articleSection":["Kultur"],"inLanguage":"da-DK"},{"@type":"WebPage","@id":"https:\/\/kunmedierne.dk\/mors\/kulturmoedet-det-er-fedt-at-blive-provokeret\/","url":"https:\/\/kunmedierne.dk\/mors\/kulturmoedet-det-er-fedt-at-blive-provokeret\/","name":"Kulturm\u00f8det: \"Det er fedt at blive provokeret\" - Mors","isPartOf":{"@id":"https:\/\/kunmedierne.dk\/mors\/#website"},"primaryImageOfPage":{"@id":"https:\/\/kunmedierne.dk\/mors\/kulturmoedet-det-er-fedt-at-blive-provokeret\/#primaryimage"},"image":{"@id":"https:\/\/kunmedierne.dk\/mors\/kulturmoedet-det-er-fedt-at-blive-provokeret\/#primaryimage"},"thumbnailUrl":"https:\/\/kunmedierne.dk\/mors\/wp-content\/uploads\/2023\/08\/provokeret-scaled.jpg","datePublished":"2023-08-25T09:06:52+00:00","dateModified":"2024-08-12T11:17:40+00:00","breadcrumb":{"@id":"https:\/\/kunmedierne.dk\/mors\/kulturmoedet-det-er-fedt-at-blive-provokeret\/#breadcrumb"},"inLanguage":"da-DK","potentialAction":[{"@type":"ReadAction","target":["https:\/\/kunmedierne.dk\/mors\/kulturmoedet-det-er-fedt-at-blive-provokeret\/"]}]},{"@type":"ImageObject","inLanguage":"da-DK","@id":"https:\/\/kunmedierne.dk\/mors\/kulturmoedet-det-er-fedt-at-blive-provokeret\/#primaryimage","url":"https:\/\/kunmedierne.dk\/mors\/wp-content\/uploads\/2023\/08\/provokeret-scaled.jpg","contentUrl":"https:\/\/kunmedierne.dk\/mors\/wp-content\/uploads\/2023\/08\/provokeret-scaled.jpg","width":2560,"height":1707,"caption":"Sten Flugt og\u00a0Jens Damgaard, Kulturm\u00f8det 2023"},{"@type":"BreadcrumbList","@id":"https:\/\/kunmedierne.dk\/mors\/kulturmoedet-det-er-fedt-at-blive-provokeret\/#breadcrumb","itemListElement":[{"@type":"ListItem","position":1,"name":"Hjem","item":"https:\/\/kunmedierne.dk\/mors\/"},{"@type":"ListItem","position":2,"name":"Kulturm\u00f8det: &#8220;Det er fedt at blive provokeret&#8221;"}]},{"@type":"WebSite","@id":"https:\/\/kunmedierne.dk\/mors\/#website","url":"https:\/\/kunmedierne.dk\/mors\/","name":"Mors","description":"et netmedie med journalistik om livet p\u00e5 Mors","publisher":{"@id":"https:\/\/kunmedierne.dk\/mors\/#organization"},"potentialAction":[{"@type":"SearchAction","target":{"@type":"EntryPoint","urlTemplate":"https:\/\/kunmedierne.dk\/mors\/?s={search_term_string}"},"query-input":{"@type":"PropertyValueSpecification","valueRequired":true,"valueName":"search_term_string"}}],"inLanguage":"da-DK"},{"@type":"Organization","@id":"https:\/\/kunmedierne.dk\/mors\/#organization","name":"Mors","url":"https:\/\/kunmedierne.dk\/mors\/","logo":{"@type":"ImageObject","inLanguage":"da-DK","@id":"https:\/\/kunmedierne.dk\/mors\/#\/schema\/logo\/image\/","url":"https:\/\/kunmedierne.dk\/mors\/wp-content\/uploads\/2024\/08\/kunmors-logo.svg","contentUrl":"https:\/\/kunmedierne.dk\/mors\/wp-content\/uploads\/2024\/08\/kunmors-logo.svg","caption":"Mors"},"image":{"@id":"https:\/\/kunmedierne.dk\/mors\/#\/schema\/logo\/image\/"}},{"@type":"Person","@id":"https:\/\/kunmedierne.dk\/mors\/#\/schema\/person\/b2e62a38069b12365e53e087a8709c64","name":"Katrine Hedegaard","image":{"@type":"ImageObject","inLanguage":"da-DK","@id":"https:\/\/kunmedierne.dk\/mors\/#\/schema\/person\/image\/","url":"https:\/\/secure.gravatar.com\/avatar\/18a5c72fa9148052fd3ed5a58b40fc83cfdc9811090e6e6eec9539af058edcc0?s=96&d=mm&r=g","contentUrl":"https:\/\/secure.gravatar.com\/avatar\/18a5c72fa9148052fd3ed5a58b40fc83cfdc9811090e6e6eec9539af058edcc0?s=96&d=mm&r=g","caption":"Katrine Hedegaard"},"url":"https:\/\/kunmedierne.dk\/mors\/author\/katrine\/"}]}},"_links":{"self":[{"href":"https:\/\/kunmedierne.dk\/mors\/wp-json\/wp\/v2\/posts\/100475","targetHints":{"allow":["GET"]}}],"collection":[{"href":"https:\/\/kunmedierne.dk\/mors\/wp-json\/wp\/v2\/posts"}],"about":[{"href":"https:\/\/kunmedierne.dk\/mors\/wp-json\/wp\/v2\/types\/post"}],"author":[{"embeddable":true,"href":"https:\/\/kunmedierne.dk\/mors\/wp-json\/wp\/v2\/users\/2507"}],"replies":[{"embeddable":true,"href":"https:\/\/kunmedierne.dk\/mors\/wp-json\/wp\/v2\/comments?post=100475"}],"version-history":[{"count":8,"href":"https:\/\/kunmedierne.dk\/mors\/wp-json\/wp\/v2\/posts\/100475\/revisions"}],"predecessor-version":[{"id":100492,"href":"https:\/\/kunmedierne.dk\/mors\/wp-json\/wp\/v2\/posts\/100475\/revisions\/100492"}],"wp:featuredmedia":[{"embeddable":true,"href":"https:\/\/kunmedierne.dk\/mors\/wp-json\/wp\/v2\/media\/100477"}],"wp:attachment":[{"href":"https:\/\/kunmedierne.dk\/mors\/wp-json\/wp\/v2\/media?parent=100475"}],"wp:term":[{"taxonomy":"category","embeddable":true,"href":"https:\/\/kunmedierne.dk\/mors\/wp-json\/wp\/v2\/categories?post=100475"},{"taxonomy":"post_tag","embeddable":true,"href":"https:\/\/kunmedierne.dk\/mors\/wp-json\/wp\/v2\/tags?post=100475"}],"curies":[{"name":"wp","href":"https:\/\/api.w.org\/{rel}","templated":true}]}}