{"id":100453,"date":"2023-08-24T17:15:31","date_gmt":"2023-08-24T15:15:31","guid":{"rendered":"https:\/\/kunmedierne.dk\/mors\/?p=100453"},"modified":"2024-08-12T13:17:40","modified_gmt":"2024-08-12T11:17:40","slug":"kulturmoedet-det-ligner-et-stort-rekordaar","status":"publish","type":"post","link":"https:\/\/kunmedierne.dk\/mors\/kulturmoedet-det-ligner-et-stort-rekordaar\/","title":{"rendered":"Kulturm\u00f8det: Det ligner et stort rekord\u00e5r"},"content":{"rendered":"<p><b>MORS<\/b>: &#8211; Jeg vil blive ret overrasket, hvis vi ikke kommer op p\u00e5 noget meget, meget stort.<\/p>\n<p>Bente Kristensen, lokal og meget travl turistchef, kan f\u00e5 timer inde i Kulturm\u00f8det Mors 2023 g\u00f8re en begejstret status: Alt tyder p\u00e5, at \u00f8en i disse dage bliver bes\u00f8gt som aldrig f\u00f8r.<\/p>\n<p>&#8211; Hvis vi ser p\u00e5, hvor mange vi har heroppe og bo, tror jeg aldrig nogensinde, at vi har haft s\u00e5 mange som i \u00e5r, siger hun om det parameter, der er nemmest at afl\u00e6se.<\/p>\n<a class=\"dvrt-link\" onClick=\"cdmtrack_click(104783,jQuery(this));return false\" href=\"https:\/\/konpap.dk\/\"><img decoding=\"async\" style=\"width:100%;\" src=\"https:\/\/kunmedierne.dk\/mors\/wp-content\/uploads\/2023\/10\/Kun-Mors-banner.jpg\"><\/a><script>cdmtrack_view(104783);<\/script>\n<p>Men et andet vejer n\u00e6sten lige s\u00e5 tungt som solgte overnatninger. Personalet p\u00e5 turistkontoret kan nemlig m\u00e6rke interessen for Mors p\u00e5 egen krop &#8211; og mere end nogensinde.<\/p>\n<p>&#8211; Det er fuldkomment vanvittigt, hvor travlt vi har haft. De sidste 14 dage har det v\u00e6ret helt ekstremt. Folk er ogs\u00e5 begyndt at bestille overnatning til Kulturm\u00f8det i 2024, men vi er simpelthen n\u00f8dt til at sige, at vi koncentrerer os om dem, der er her nu, siger Bente Kristensen og konkluderer:<\/p>\n<p>&#8211; Jeg er stensikker p\u00e5, at hvis vi ikke sl\u00e5r rekord, s\u00e5 er vi i hvert fald p\u00e5 h\u00f8jde med det bedste \u00e5r nogensinde.<\/p>\n<p>&nbsp;<\/p>\n<p><b>Store f\u00f8lgevirkninger<\/b><\/p>\n<p>Travlheden kommer ikke kun til udtryk p\u00e5 bookede overnatninger. Det g\u00f8r den ogs\u00e5 med de gl\u00f8dende telefoner og massevis af sp\u00f8rgsm\u00e5l.<\/p>\n<p>Og det er, lyder det fra Bente Kristensen, en interesse for Mors, som giver gevinst langt ud over de tre dage med Kulturm\u00f8det.<\/p>\n<p>&#8211; Det er et udstillingsvindue af format, siger hun og fort\u00e6ller om g\u00e6ster, der bes\u00f8ger Kulturm\u00f8det i forbindelse med arbejde og senere vender tilbage med hele familien.<\/p>\n<a class=\"dvrt-link\" onClick=\"cdmtrack_click(104778,jQuery(this));return false\" href=\"https:\/\/vester-begr.dk\/?gclid=CjwKCAjw5Kv7BRBSEiwAXGDElQB6WMfm9CgYVrruty-I1gaOkTkC3mlA4QRDtYNsxYgVC8sNzAJ7WhoCmBsQAvD_BwE\"><img decoding=\"async\" style=\"width:100%;\" src=\"https:\/\/kunmedierne.dk\/mors\/wp-content\/uploads\/2023\/10\/260203VesterHoukaer-02022026.jpg\"><\/a><script>cdmtrack_view(104778);<\/script>\n<p>Udviklingen har over de 10 \u00e5r med Kulturm\u00f8det Mors taget fart. I de f\u00f8rste \u00e5r havde g\u00e6sterne ofte alene en personlig aktie i arrangementet &#8211; for eksempel med et foredrag, de selv skulle holde, eller som repr\u00e6sentanter for andre.<\/p>\n<p>Nu kommer tusindvis uden andet \u00e6rinde end at opleve kultur.<\/p>\n<p>&#8211; Det har \u00e6ndret sig i den grad til, at vi har rigtig, rigtig mange kulturturister. Nogle der kommer op for at opleve. Og vi har folk, der kommer ind fra gaden og skal have overnatning. De er kommet op og har h\u00f8rt og set lidt &#8211; og s\u00e5 har de bare lyst til at blive, siger turistchefen og gl\u00e6der sig over f\u00f8lgevirkningerne.<\/p>\n<p>&#8211; Det drypper s\u00e5 meget p\u00e5 s\u00e5 mange, at det er sv\u00e6rt at s\u00e6tte ord p\u00e5.<\/p>\n<p>&nbsp;<\/p>\n<p><b>Et fantastisk program<\/b><\/p>\n<p>Hun noterer sig ogs\u00e5 en lokal \u00e6ndring hen over \u00e5rene. \u00d8ens befolkning har definitivt smidt al skepsis og omfavner Kulturm\u00f8det p\u00e5 en anden m\u00e5de end i de f\u00f8rste \u00e5r.<\/p>\n<p>&#8211; Morsingboerne har virkelig taget Kulturm\u00f8det til sig. Jeg er ret sikker p\u00e5, at mange i de f\u00f8rste \u00e5r troede, at det var h\u00f8jkulturelt. Men der er jo noget for alle, uanset hvor man er. Om man er til popmusik, eller hvad man er, kan man finde noget i programmet, der passer. Det kan man ogs\u00e5 se p\u00e5 alle de glade mennesker, siger Bente Kristensen.<\/p>\n<a class=\"dvrt-link\" onClick=\"cdmtrack_click(104787,jQuery(this));return false\" href=\"https:\/\/www.jyskebank.dk\/kontakt\/afdelingsinfo?departmentid=11890\"><img decoding=\"async\" style=\"width:100%;\" src=\"https:\/\/kunmedierne.dk\/mors\/wp-content\/uploads\/2023\/10\/260325JyskeBankMorsNy-1.jpg\"><\/a><script>cdmtrack_view(104787);<\/script>\n<p>Hun kipper derfor ogs\u00e5 med flaget for indholdet af Kulturm\u00f8det Mors 2023. Blandt andet har hun noteret sig, at antallet af kendisser, der alene p\u00e5 navnet kan tr\u00e6kke turister til \u00f8en, er h\u00f8jt.<\/p>\n<p>&#8211; Det er ogs\u00e5 med til at h\u00f8jne Kulturm\u00f8det, at der er mange prominente g\u00e6ster iblandt. Og jeg synes, det er et fantastisk program, der er p\u00e5 gaden. Over 500 gratis arrangementer siger godt nok spar to. S\u00e5 man kan godt forst\u00e5, at nogen rejser efter det, siger hun.<\/p>\n<p>&nbsp;<\/p>\n<p><b>Imponerede storbymennesker<\/b><\/p>\n<p>Fra starten af ugen begyndte det at drysse ind med kulturturister p\u00e5 det lokale turistkontor. Siden har trafikken taget til, og vurderingen er, at den vil toppe i dag, og at de f\u00f8rste forlader \u00f8en igen fredag aften.<\/p>\n<p>Men hvad tager de s\u00e5 med sig udover kulturelle oplevelser?<\/p>\n<p>If\u00f8lge Bente Kristensen k\u00f8rer g\u00e6sterne hjem til Aarhus, K\u00f8benhavn og andre storbyer med indtrykket af en event, der fungerer. Og det er, vurderer turistchefen, ogs\u00e5 et udtryk for, at morsingboerne og de mange frivillige, der er involveret, f\u00f8ler ejerskab for Kulturm\u00f8det Mors.<\/p>\n<p>&#8211; Vi h\u00f8rer det meget fra folk, der kommer fra storbyerne. At de er vildt imponerede over, hvordan der er taget h\u00e5nd om det hele. Og jeg tror, det er, fordi vi har den \u00f8-kultur &#8211; og at vi vil vise, at vi kan, siger hun og tilf\u00f8jer:<\/p>\n<p>&#8211; Og det er absolut bevist fra alle sider.<\/p>\n<a class=\"dvrt-link\" onClick=\"cdmtrack_click(104781,jQuery(this));return false\" href=\"https:\/\/www.fmspks.dk\/\"><img decoding=\"async\" style=\"width:100%;\" src=\"https:\/\/kunmedierne.dk\/mors\/wp-content\/uploads\/2022\/02\/vip-froeslev-mollerup-sparekasse.jpg\"><\/a><script>cdmtrack_view(104781);<\/script>\n<p>S\u00e5 p\u00e5 trods af travlhed og en lige nu uendelig str\u00f8m af opgaver og henvendelser b\u00e5de p\u00e5 telefonen og i butikken, s\u00e5 er begejstringen over Kulturm\u00f8det stor hos Mors\u00f8 Turistbureau.<\/p>\n<p>Bente Kristensen vurderer, at personalet sagtens kunne v\u00e6re fordoblet i antal og stadig skulle l\u00f8be meget st\u00e6rkt. Men \u00e5rsagen til travlheden g\u00f8r det hele v\u00e6rd.<\/p>\n<p>&#8211; Det er stort, og det er godt. Og selv om vi knokler, og det g\u00f8r vi virkelig, s\u00e5 er der s\u00e5 stor gl\u00e6de ved det, siger hun.<\/p>\n<p>&nbsp;<\/p>\n<h5>L\u00c6S OGS\u00c5:<\/h5>\n<h5><a href=\"https:\/\/kunmedierne.dk\/mors\/nu-er-kulturmoede-nummer-10-sunget-i-gang\/\">Nu er Kulturm\u00f8de nummer 10 sunget i gang<\/a><\/h5>\n<h5><a href=\"https:\/\/kunmedierne.dk\/mors\/kulturmoedet-er-heller-ikke-gaaet-politiets-naese-forbi\/\">Kulturm\u00f8det er heller ikke g\u00e5et politiets n\u00e6se forbi<\/a><\/h5>\n<h5><a href=\"https:\/\/kunmedierne.dk\/mors\/dh-morsoe-blaastempler-kulturmoedets-hjaelp-til-handicappede\/\">DH Mors\u00f8 bl\u00e5stempler Kulturm\u00f8dets hj\u00e6lp til handicappede<\/a><\/h5>\n<h5><a href=\"https:\/\/kunmedierne.dk\/mors\/kulturmoedet-saadan-bliver-vejret-de-naeste-dage\/\">Kulturm\u00f8det: S\u00e5dan bliver vejret de n\u00e6ste dage<\/a><\/h5>\n<h5><a href=\"https:\/\/kunmedierne.dk\/mors\/foer-kulturmoedet-det-er-blevet-aktuelt-at-kigge-imod-norden-igen\/\">F\u00f8r Kulturm\u00f8det: &#8211; Det er blevet aktuelt at kigge imod Norden igen<\/a><\/h5>\n<h5><a href=\"https:\/\/kunmedierne.dk\/mors\/dueholmskolens-kulturcrew-gav-en-hjaelpende-haand-i-gaagaden\/\">Dueholmskolens KulturCrew gav en hj\u00e6lpende h\u00e5nd i g\u00e5gaden<\/a><\/h5>\n<h5><a href=\"https:\/\/kunmedierne.dk\/mors\/boernenes-kulturmoede-boern-skal-vise-os-hvordan-fremtidens-kultur-ser-ud\/\">B\u00f8rnenes Kulturm\u00f8de: B\u00f8rn skal vise os, hvordan fremtidens kultur ser ud<\/a><\/h5>\n<h5><a href=\"https:\/\/kunmedierne.dk\/mors\/kulturmoedet-behovet-for-at-flirte-med-det-fremmede\/\">KULTURM\u00d8DET: Behovet for at flirte med det fremmede<\/a><\/h5>\n","protected":false},"excerpt":{"rendered":"<p>MORS: &#8211; Jeg vil blive ret overrasket, hvis vi ikke kommer op p\u00e5 noget meget, meget stort. Bente Kristensen, lokal og meget travl turistchef, kan f\u00e5 timer inde i Kulturm\u00f8det Mors 2023 g\u00f8re en begejstret status: Alt tyder p\u00e5, at \u00f8en i disse dage bliver bes\u00f8gt som aldrig f\u00f8r. &#8211; Hvis vi ser p\u00e5, hvor [&hellip;]<\/p>\n","protected":false},"author":8,"featured_media":100455,"comment_status":"closed","ping_status":"open","sticky":false,"template":"","format":"standard","meta":{"_acf_changed":false,"footnotes":""},"categories":[49],"tags":[162,171],"class_list":["post-100453","post","type-post","status-publish","format-standard","has-post-thumbnail","hentry","category-kultur","tag-kulturmoedet","tag-turisme"],"acf":[],"yoast_head":"<!-- This site is optimized with the Yoast SEO plugin v26.8 - https:\/\/yoast.com\/product\/yoast-seo-wordpress\/ -->\n<title>Kulturm\u00f8det: Det ligner et stort rekord\u00e5r - Mors<\/title>\n<meta name=\"robots\" content=\"index, follow, max-snippet:-1, max-image-preview:large, max-video-preview:-1\" \/>\n<link rel=\"canonical\" href=\"https:\/\/kunmedierne.dk\/mors\/kulturmoedet-det-ligner-et-stort-rekordaar\/\" \/>\n<meta property=\"og:locale\" content=\"da_DK\" \/>\n<meta property=\"og:type\" content=\"article\" \/>\n<meta property=\"og:title\" content=\"Kulturm\u00f8det: Det ligner et stort rekord\u00e5r - Mors\" \/>\n<meta property=\"og:description\" content=\"MORS: &#8211; Jeg vil blive ret overrasket, hvis vi ikke kommer op p\u00e5 noget meget, meget stort. Bente Kristensen, lokal og meget travl turistchef, kan f\u00e5 timer inde i Kulturm\u00f8det Mors 2023 g\u00f8re en begejstret status: Alt tyder p\u00e5, at \u00f8en i disse dage bliver bes\u00f8gt som aldrig f\u00f8r. &#8211; Hvis vi ser p\u00e5, hvor [&hellip;]\" \/>\n<meta property=\"og:url\" content=\"https:\/\/kunmedierne.dk\/mors\/kulturmoedet-det-ligner-et-stort-rekordaar\/\" \/>\n<meta property=\"og:site_name\" content=\"Mors\" \/>\n<meta property=\"article:published_time\" content=\"2023-08-24T15:15:31+00:00\" \/>\n<meta property=\"article:modified_time\" content=\"2024-08-12T11:17:40+00:00\" \/>\n<meta property=\"og:image\" content=\"https:\/\/kunmedierne.dk\/mors\/wp-content\/uploads\/2023\/08\/IMG_2098.jpg\" \/>\n\t<meta property=\"og:image:width\" content=\"770\" \/>\n\t<meta property=\"og:image:height\" content=\"513\" \/>\n\t<meta property=\"og:image:type\" content=\"image\/jpeg\" \/>\n<meta name=\"author\" content=\"David H\u00f8jmark\" \/>\n<meta name=\"twitter:card\" content=\"summary_large_image\" \/>\n<meta name=\"twitter:label1\" content=\"Skrevet af\" \/>\n\t<meta name=\"twitter:data1\" content=\"David H\u00f8jmark\" \/>\n\t<meta name=\"twitter:label2\" content=\"Estimeret l\u00e6setid\" \/>\n\t<meta name=\"twitter:data2\" content=\"5 minutter\" \/>\n<script type=\"application\/ld+json\" class=\"yoast-schema-graph\">{\"@context\":\"https:\/\/schema.org\",\"@graph\":[{\"@type\":\"Article\",\"@id\":\"https:\/\/kunmedierne.dk\/mors\/kulturmoedet-det-ligner-et-stort-rekordaar\/#article\",\"isPartOf\":{\"@id\":\"https:\/\/kunmedierne.dk\/mors\/kulturmoedet-det-ligner-et-stort-rekordaar\/\"},\"author\":{\"name\":\"David H\u00f8jmark\",\"@id\":\"https:\/\/kunmedierne.dk\/mors\/#\/schema\/person\/5fe23251bf1d0abbcdc6f7896579d548\"},\"headline\":\"Kulturm\u00f8det: Det ligner et stort rekord\u00e5r\",\"datePublished\":\"2023-08-24T15:15:31+00:00\",\"dateModified\":\"2024-08-12T11:17:40+00:00\",\"mainEntityOfPage\":{\"@id\":\"https:\/\/kunmedierne.dk\/mors\/kulturmoedet-det-ligner-et-stort-rekordaar\/\"},\"wordCount\":968,\"publisher\":{\"@id\":\"https:\/\/kunmedierne.dk\/mors\/#organization\"},\"image\":{\"@id\":\"https:\/\/kunmedierne.dk\/mors\/kulturmoedet-det-ligner-et-stort-rekordaar\/#primaryimage\"},\"thumbnailUrl\":\"https:\/\/kunmedierne.dk\/mors\/wp-content\/uploads\/2023\/08\/IMG_2098.jpg\",\"keywords\":[\"Kulturm\u00f8det\",\"Turisme\"],\"articleSection\":[\"Kultur\"],\"inLanguage\":\"da-DK\"},{\"@type\":\"WebPage\",\"@id\":\"https:\/\/kunmedierne.dk\/mors\/kulturmoedet-det-ligner-et-stort-rekordaar\/\",\"url\":\"https:\/\/kunmedierne.dk\/mors\/kulturmoedet-det-ligner-et-stort-rekordaar\/\",\"name\":\"Kulturm\u00f8det: Det ligner et stort rekord\u00e5r - Mors\",\"isPartOf\":{\"@id\":\"https:\/\/kunmedierne.dk\/mors\/#website\"},\"primaryImageOfPage\":{\"@id\":\"https:\/\/kunmedierne.dk\/mors\/kulturmoedet-det-ligner-et-stort-rekordaar\/#primaryimage\"},\"image\":{\"@id\":\"https:\/\/kunmedierne.dk\/mors\/kulturmoedet-det-ligner-et-stort-rekordaar\/#primaryimage\"},\"thumbnailUrl\":\"https:\/\/kunmedierne.dk\/mors\/wp-content\/uploads\/2023\/08\/IMG_2098.jpg\",\"datePublished\":\"2023-08-24T15:15:31+00:00\",\"dateModified\":\"2024-08-12T11:17:40+00:00\",\"breadcrumb\":{\"@id\":\"https:\/\/kunmedierne.dk\/mors\/kulturmoedet-det-ligner-et-stort-rekordaar\/#breadcrumb\"},\"inLanguage\":\"da-DK\",\"potentialAction\":[{\"@type\":\"ReadAction\",\"target\":[\"https:\/\/kunmedierne.dk\/mors\/kulturmoedet-det-ligner-et-stort-rekordaar\/\"]}]},{\"@type\":\"ImageObject\",\"inLanguage\":\"da-DK\",\"@id\":\"https:\/\/kunmedierne.dk\/mors\/kulturmoedet-det-ligner-et-stort-rekordaar\/#primaryimage\",\"url\":\"https:\/\/kunmedierne.dk\/mors\/wp-content\/uploads\/2023\/08\/IMG_2098.jpg\",\"contentUrl\":\"https:\/\/kunmedierne.dk\/mors\/wp-content\/uploads\/2023\/08\/IMG_2098.jpg\",\"width\":770,\"height\":513,\"caption\":\"Los Vikingos de San Jose er (med en enkelt lokal undtagelse) taget fra Trinidad til Mors - blandt for at spille til Kulturm\u00f8det. Mange, mange andre g\u00e6ster bes\u00f8ger ogs\u00e5 \u00f8ens i disse dage, lyder det fra Mors\u00f8 Turistbureau.\"},{\"@type\":\"BreadcrumbList\",\"@id\":\"https:\/\/kunmedierne.dk\/mors\/kulturmoedet-det-ligner-et-stort-rekordaar\/#breadcrumb\",\"itemListElement\":[{\"@type\":\"ListItem\",\"position\":1,\"name\":\"Hjem\",\"item\":\"https:\/\/kunmedierne.dk\/mors\/\"},{\"@type\":\"ListItem\",\"position\":2,\"name\":\"Kulturm\u00f8det: Det ligner et stort rekord\u00e5r\"}]},{\"@type\":\"WebSite\",\"@id\":\"https:\/\/kunmedierne.dk\/mors\/#website\",\"url\":\"https:\/\/kunmedierne.dk\/mors\/\",\"name\":\"Mors\",\"description\":\"et netmedie med journalistik om livet p\u00e5 Mors\",\"publisher\":{\"@id\":\"https:\/\/kunmedierne.dk\/mors\/#organization\"},\"potentialAction\":[{\"@type\":\"SearchAction\",\"target\":{\"@type\":\"EntryPoint\",\"urlTemplate\":\"https:\/\/kunmedierne.dk\/mors\/?s={search_term_string}\"},\"query-input\":{\"@type\":\"PropertyValueSpecification\",\"valueRequired\":true,\"valueName\":\"search_term_string\"}}],\"inLanguage\":\"da-DK\"},{\"@type\":\"Organization\",\"@id\":\"https:\/\/kunmedierne.dk\/mors\/#organization\",\"name\":\"Mors\",\"url\":\"https:\/\/kunmedierne.dk\/mors\/\",\"logo\":{\"@type\":\"ImageObject\",\"inLanguage\":\"da-DK\",\"@id\":\"https:\/\/kunmedierne.dk\/mors\/#\/schema\/logo\/image\/\",\"url\":\"https:\/\/kunmedierne.dk\/mors\/wp-content\/uploads\/2024\/08\/kunmors-logo.svg\",\"contentUrl\":\"https:\/\/kunmedierne.dk\/mors\/wp-content\/uploads\/2024\/08\/kunmors-logo.svg\",\"caption\":\"Mors\"},\"image\":{\"@id\":\"https:\/\/kunmedierne.dk\/mors\/#\/schema\/logo\/image\/\"}},{\"@type\":\"Person\",\"@id\":\"https:\/\/kunmedierne.dk\/mors\/#\/schema\/person\/5fe23251bf1d0abbcdc6f7896579d548\",\"name\":\"David H\u00f8jmark\",\"image\":{\"@type\":\"ImageObject\",\"inLanguage\":\"da-DK\",\"@id\":\"https:\/\/kunmedierne.dk\/mors\/#\/schema\/person\/image\/\",\"url\":\"https:\/\/secure.gravatar.com\/avatar\/4315d6fb9ef244d729989f5f90268eb08d5bf8a3d84402f595fa194bb35784fd?s=96&d=mm&r=g\",\"contentUrl\":\"https:\/\/secure.gravatar.com\/avatar\/4315d6fb9ef244d729989f5f90268eb08d5bf8a3d84402f595fa194bb35784fd?s=96&d=mm&r=g\",\"caption\":\"David H\u00f8jmark\"},\"sameAs\":[\"https:\/\/www.kunmedierne.dk\"],\"url\":\"https:\/\/kunmedierne.dk\/mors\/author\/david\/\"}]}<\/script>\n<!-- \/ Yoast SEO plugin. -->","yoast_head_json":{"title":"Kulturm\u00f8det: Det ligner et stort rekord\u00e5r - Mors","robots":{"index":"index","follow":"follow","max-snippet":"max-snippet:-1","max-image-preview":"max-image-preview:large","max-video-preview":"max-video-preview:-1"},"canonical":"https:\/\/kunmedierne.dk\/mors\/kulturmoedet-det-ligner-et-stort-rekordaar\/","og_locale":"da_DK","og_type":"article","og_title":"Kulturm\u00f8det: Det ligner et stort rekord\u00e5r - Mors","og_description":"MORS: &#8211; Jeg vil blive ret overrasket, hvis vi ikke kommer op p\u00e5 noget meget, meget stort. Bente Kristensen, lokal og meget travl turistchef, kan f\u00e5 timer inde i Kulturm\u00f8det Mors 2023 g\u00f8re en begejstret status: Alt tyder p\u00e5, at \u00f8en i disse dage bliver bes\u00f8gt som aldrig f\u00f8r. &#8211; Hvis vi ser p\u00e5, hvor [&hellip;]","og_url":"https:\/\/kunmedierne.dk\/mors\/kulturmoedet-det-ligner-et-stort-rekordaar\/","og_site_name":"Mors","article_published_time":"2023-08-24T15:15:31+00:00","article_modified_time":"2024-08-12T11:17:40+00:00","og_image":[{"width":770,"height":513,"url":"https:\/\/kunmedierne.dk\/mors\/wp-content\/uploads\/2023\/08\/IMG_2098.jpg","type":"image\/jpeg"}],"author":"David H\u00f8jmark","twitter_card":"summary_large_image","twitter_misc":{"Skrevet af":"David H\u00f8jmark","Estimeret l\u00e6setid":"5 minutter"},"schema":{"@context":"https:\/\/schema.org","@graph":[{"@type":"Article","@id":"https:\/\/kunmedierne.dk\/mors\/kulturmoedet-det-ligner-et-stort-rekordaar\/#article","isPartOf":{"@id":"https:\/\/kunmedierne.dk\/mors\/kulturmoedet-det-ligner-et-stort-rekordaar\/"},"author":{"name":"David H\u00f8jmark","@id":"https:\/\/kunmedierne.dk\/mors\/#\/schema\/person\/5fe23251bf1d0abbcdc6f7896579d548"},"headline":"Kulturm\u00f8det: Det ligner et stort rekord\u00e5r","datePublished":"2023-08-24T15:15:31+00:00","dateModified":"2024-08-12T11:17:40+00:00","mainEntityOfPage":{"@id":"https:\/\/kunmedierne.dk\/mors\/kulturmoedet-det-ligner-et-stort-rekordaar\/"},"wordCount":968,"publisher":{"@id":"https:\/\/kunmedierne.dk\/mors\/#organization"},"image":{"@id":"https:\/\/kunmedierne.dk\/mors\/kulturmoedet-det-ligner-et-stort-rekordaar\/#primaryimage"},"thumbnailUrl":"https:\/\/kunmedierne.dk\/mors\/wp-content\/uploads\/2023\/08\/IMG_2098.jpg","keywords":["Kulturm\u00f8det","Turisme"],"articleSection":["Kultur"],"inLanguage":"da-DK"},{"@type":"WebPage","@id":"https:\/\/kunmedierne.dk\/mors\/kulturmoedet-det-ligner-et-stort-rekordaar\/","url":"https:\/\/kunmedierne.dk\/mors\/kulturmoedet-det-ligner-et-stort-rekordaar\/","name":"Kulturm\u00f8det: Det ligner et stort rekord\u00e5r - Mors","isPartOf":{"@id":"https:\/\/kunmedierne.dk\/mors\/#website"},"primaryImageOfPage":{"@id":"https:\/\/kunmedierne.dk\/mors\/kulturmoedet-det-ligner-et-stort-rekordaar\/#primaryimage"},"image":{"@id":"https:\/\/kunmedierne.dk\/mors\/kulturmoedet-det-ligner-et-stort-rekordaar\/#primaryimage"},"thumbnailUrl":"https:\/\/kunmedierne.dk\/mors\/wp-content\/uploads\/2023\/08\/IMG_2098.jpg","datePublished":"2023-08-24T15:15:31+00:00","dateModified":"2024-08-12T11:17:40+00:00","breadcrumb":{"@id":"https:\/\/kunmedierne.dk\/mors\/kulturmoedet-det-ligner-et-stort-rekordaar\/#breadcrumb"},"inLanguage":"da-DK","potentialAction":[{"@type":"ReadAction","target":["https:\/\/kunmedierne.dk\/mors\/kulturmoedet-det-ligner-et-stort-rekordaar\/"]}]},{"@type":"ImageObject","inLanguage":"da-DK","@id":"https:\/\/kunmedierne.dk\/mors\/kulturmoedet-det-ligner-et-stort-rekordaar\/#primaryimage","url":"https:\/\/kunmedierne.dk\/mors\/wp-content\/uploads\/2023\/08\/IMG_2098.jpg","contentUrl":"https:\/\/kunmedierne.dk\/mors\/wp-content\/uploads\/2023\/08\/IMG_2098.jpg","width":770,"height":513,"caption":"Los Vikingos de San Jose er (med en enkelt lokal undtagelse) taget fra Trinidad til Mors - blandt for at spille til Kulturm\u00f8det. Mange, mange andre g\u00e6ster bes\u00f8ger ogs\u00e5 \u00f8ens i disse dage, lyder det fra Mors\u00f8 Turistbureau."},{"@type":"BreadcrumbList","@id":"https:\/\/kunmedierne.dk\/mors\/kulturmoedet-det-ligner-et-stort-rekordaar\/#breadcrumb","itemListElement":[{"@type":"ListItem","position":1,"name":"Hjem","item":"https:\/\/kunmedierne.dk\/mors\/"},{"@type":"ListItem","position":2,"name":"Kulturm\u00f8det: Det ligner et stort rekord\u00e5r"}]},{"@type":"WebSite","@id":"https:\/\/kunmedierne.dk\/mors\/#website","url":"https:\/\/kunmedierne.dk\/mors\/","name":"Mors","description":"et netmedie med journalistik om livet p\u00e5 Mors","publisher":{"@id":"https:\/\/kunmedierne.dk\/mors\/#organization"},"potentialAction":[{"@type":"SearchAction","target":{"@type":"EntryPoint","urlTemplate":"https:\/\/kunmedierne.dk\/mors\/?s={search_term_string}"},"query-input":{"@type":"PropertyValueSpecification","valueRequired":true,"valueName":"search_term_string"}}],"inLanguage":"da-DK"},{"@type":"Organization","@id":"https:\/\/kunmedierne.dk\/mors\/#organization","name":"Mors","url":"https:\/\/kunmedierne.dk\/mors\/","logo":{"@type":"ImageObject","inLanguage":"da-DK","@id":"https:\/\/kunmedierne.dk\/mors\/#\/schema\/logo\/image\/","url":"https:\/\/kunmedierne.dk\/mors\/wp-content\/uploads\/2024\/08\/kunmors-logo.svg","contentUrl":"https:\/\/kunmedierne.dk\/mors\/wp-content\/uploads\/2024\/08\/kunmors-logo.svg","caption":"Mors"},"image":{"@id":"https:\/\/kunmedierne.dk\/mors\/#\/schema\/logo\/image\/"}},{"@type":"Person","@id":"https:\/\/kunmedierne.dk\/mors\/#\/schema\/person\/5fe23251bf1d0abbcdc6f7896579d548","name":"David H\u00f8jmark","image":{"@type":"ImageObject","inLanguage":"da-DK","@id":"https:\/\/kunmedierne.dk\/mors\/#\/schema\/person\/image\/","url":"https:\/\/secure.gravatar.com\/avatar\/4315d6fb9ef244d729989f5f90268eb08d5bf8a3d84402f595fa194bb35784fd?s=96&d=mm&r=g","contentUrl":"https:\/\/secure.gravatar.com\/avatar\/4315d6fb9ef244d729989f5f90268eb08d5bf8a3d84402f595fa194bb35784fd?s=96&d=mm&r=g","caption":"David H\u00f8jmark"},"sameAs":["https:\/\/www.kunmedierne.dk"],"url":"https:\/\/kunmedierne.dk\/mors\/author\/david\/"}]}},"_links":{"self":[{"href":"https:\/\/kunmedierne.dk\/mors\/wp-json\/wp\/v2\/posts\/100453","targetHints":{"allow":["GET"]}}],"collection":[{"href":"https:\/\/kunmedierne.dk\/mors\/wp-json\/wp\/v2\/posts"}],"about":[{"href":"https:\/\/kunmedierne.dk\/mors\/wp-json\/wp\/v2\/types\/post"}],"author":[{"embeddable":true,"href":"https:\/\/kunmedierne.dk\/mors\/wp-json\/wp\/v2\/users\/8"}],"replies":[{"embeddable":true,"href":"https:\/\/kunmedierne.dk\/mors\/wp-json\/wp\/v2\/comments?post=100453"}],"version-history":[{"count":2,"href":"https:\/\/kunmedierne.dk\/mors\/wp-json\/wp\/v2\/posts\/100453\/revisions"}],"predecessor-version":[{"id":100457,"href":"https:\/\/kunmedierne.dk\/mors\/wp-json\/wp\/v2\/posts\/100453\/revisions\/100457"}],"wp:featuredmedia":[{"embeddable":true,"href":"https:\/\/kunmedierne.dk\/mors\/wp-json\/wp\/v2\/media\/100455"}],"wp:attachment":[{"href":"https:\/\/kunmedierne.dk\/mors\/wp-json\/wp\/v2\/media?parent=100453"}],"wp:term":[{"taxonomy":"category","embeddable":true,"href":"https:\/\/kunmedierne.dk\/mors\/wp-json\/wp\/v2\/categories?post=100453"},{"taxonomy":"post_tag","embeddable":true,"href":"https:\/\/kunmedierne.dk\/mors\/wp-json\/wp\/v2\/tags?post=100453"}],"curies":[{"name":"wp","href":"https:\/\/api.w.org\/{rel}","templated":true}]}}