{"id":100435,"date":"2023-08-24T12:33:22","date_gmt":"2023-08-24T10:33:22","guid":{"rendered":"https:\/\/kunmedierne.dk\/mors\/?p=100435"},"modified":"2024-08-12T13:17:40","modified_gmt":"2024-08-12T11:17:40","slug":"nu-er-kulturmoede-nummer-10-sunget-i-gang","status":"publish","type":"post","link":"https:\/\/kunmedierne.dk\/mors\/nu-er-kulturmoede-nummer-10-sunget-i-gang\/","title":{"rendered":"Nu er Kulturm\u00f8de nummer 10 sunget i gang"},"content":{"rendered":"<p><b><span data-contrast=\"auto\">KULTURM\u00d8DET:<\/span><\/b><span data-contrast=\"auto\"> Stemningen i Nyk\u00f8bing er lidt mere queer end den plejer at v\u00e6re. Gaden vrimler med veganere og h\u00f8jskolefolk, men den vrimler ogs\u00e5 af Hjemmev\u00e6rnet i neon gule veste, et hav af frivillige og m\u00e6nd i glatte, bl\u00e5 skjorter. <\/span><span data-ccp-props=\"{&quot;201341983&quot;:0,&quot;335551550&quot;:0,&quot;335551620&quot;:0,&quot;335559739&quot;:160,&quot;335559740&quot;:259}\">\u00a0<\/span><\/p>\n<a class=\"dvrt-link\" onClick=\"cdmtrack_click(104786,jQuery(this));return false\" href=\"https:\/\/limfjordsteatret.dk\/events\/tobias-dybvad-mit-bedste-onemanshow\/\"><img decoding=\"async\" style=\"width:100%;\" src=\"https:\/\/kunmedierne.dk\/mors\/wp-content\/uploads\/2023\/10\/aarskortLim_KunMors_1100x125.jpg\"><\/a><script>cdmtrack_view(104786);<\/script>\n<p><span data-contrast=\"auto\">P\u00e5 folkescenen synger H\u00e5ndv\u00e6rkerkoret sidste vers af Bl\u00e6sten g\u00e5r frisk over Limfjordens vande. Klokken er 11:00 og en af de mere nydelige m\u00e6nd tr\u00e6der ind p\u00e5 Kulturm\u00f8dets folkescene. Chefen for det hele, Hans Ejner Bertelsen.<\/span><span data-ccp-props=\"{&quot;201341983&quot;:0,&quot;335551550&quot;:0,&quot;335551620&quot;:0,&quot;335559739&quot;:160,&quot;335559740&quot;:259}\">\u00a0<\/span><\/p>\n<p><span data-contrast=\"auto\">&#8211; S\u00e5 er vi her igen. Velkommen til Kulturm\u00f8det nummer 10.<\/span><span data-ccp-props=\"{&quot;201341983&quot;:0,&quot;335551550&quot;:0,&quot;335551620&quot;:0,&quot;335559739&quot;:160,&quot;335559740&quot;:259}\">\u00a0<\/span><\/p>\n<p><span data-contrast=\"auto\">I sin velkomsttale fort\u00e6ller borgmesteren, at der nok aldrig har v\u00e6ret mere brug for et Kulturm\u00f8de, end der er i \u00e5r.<\/span><span data-ccp-props=\"{&quot;201341983&quot;:0,&quot;335551550&quot;:0,&quot;335551620&quot;:0,&quot;335559739&quot;:160,&quot;335559740&quot;:259}\">\u00a0<\/span><\/p>\n<p><span data-contrast=\"auto\">&#8211; Verden er pr\u00e6get af krig, splittelse og mistrivsel. Det er deprimerende, men Kulturm\u00f8det blev aldrig sat i verden for at tage let p\u00e5 tingene. Her m\u00f8des vi ikke bare over s\u00e6tninger men ogs\u00e5 som mods\u00e6tninger.<\/span><span data-ccp-props=\"{&quot;201341983&quot;:0,&quot;335551550&quot;:0,&quot;335551620&quot;:0,&quot;335559739&quot;:160,&quot;335559740&quot;:259}\">\u00a0<\/span><\/p>\n<p><span data-contrast=\"auto\">Hans Ejner Bertelsen\u00a0fort\u00e6ller videre om en tid, hvor mange er bange for at g\u00e5 glip af noget.<\/span><span data-ccp-props=\"{&quot;201341983&quot;:0,&quot;335551550&quot;:0,&quot;335551620&quot;:0,&quot;335559739&quot;:160,&quot;335559740&quot;:259}\">\u00a0<\/span><\/p>\n<p><span data-contrast=\"auto\">&#8211; Og I vil g\u00e5 glip af noget her. Her er et program fyldt med alt. Lige fra opera til punk. Giv jer nu tid til alt det nye, og nyd det I n\u00e5r. Velkommen til!<\/span><span data-ccp-props=\"{&quot;201341983&quot;:0,&quot;335551550&quot;:0,&quot;335551620&quot;:0,&quot;335559739&quot;:160,&quot;335559740&quot;:259}\">\u00a0<\/span><\/p>\n<a class=\"dvrt-link\" onClick=\"cdmtrack_click(104785,jQuery(this));return false\" href=\"https:\/\/www.facebook.com\/lyndrups\"><img decoding=\"async\" style=\"width:100%;\" src=\"https:\/\/kunmedierne.dk\/mors\/wp-content\/uploads\/2022\/02\/vip-lyndrups-rengoering.jpg\"><\/a><script>cdmtrack_view(104785);<\/script>\n<p><span data-contrast=\"auto\">Kulturm\u00f8det kan fejre sit 10-\u00e5r jubil\u00e6um i \u00e5r. Og der er sket noget siden det f\u00f8rste m\u00f8de i 2013. Den gang var der syv samtaler p\u00e5 tapetet. I \u00e5r er der over 500 ting i programmet.<\/span><span data-ccp-props=\"{&quot;201341983&quot;:0,&quot;335551550&quot;:0,&quot;335551620&quot;:0,&quot;335559739&quot;:160,&quot;335559740&quot;:259}\">\u00a0<\/span><\/p>\n<p><span data-contrast=\"auto\">Her fra KunMors sender vi en varm anbefaling til alle p\u00e5 Mors. Kulturm\u00f8det bliver magisk igen i \u00e5r. <\/span><span data-ccp-props=\"{&quot;201341983&quot;:0,&quot;335551550&quot;:0,&quot;335551620&quot;:0,&quot;335559739&quot;:160,&quot;335559740&quot;:259}\">\u00a0<\/span><\/p>\n","protected":false},"excerpt":{"rendered":"<p>KULTURM\u00d8DET: Stemningen i Nyk\u00f8bing er lidt mere queer end den plejer at v\u00e6re. Gaden vrimler med veganere og h\u00f8jskolefolk, men den vrimler ogs\u00e5 af Hjemmev\u00e6rnet i neon gule veste, et hav af frivillige og m\u00e6nd i glatte, bl\u00e5 skjorter. \u00a0 P\u00e5 folkescenen synger H\u00e5ndv\u00e6rkerkoret sidste vers af Bl\u00e6sten g\u00e5r frisk over Limfjordens vande. Klokken er [&hellip;]<\/p>\n","protected":false},"author":2507,"featured_media":100437,"comment_status":"closed","ping_status":"open","sticky":false,"template":"","format":"standard","meta":{"_acf_changed":false,"footnotes":""},"categories":[51],"tags":[162],"class_list":["post-100435","post","type-post","status-publish","format-standard","has-post-thumbnail","hentry","category-lokalt","tag-kulturmoedet"],"acf":[],"yoast_head":"<!-- This site is optimized with the Yoast SEO plugin v26.8 - https:\/\/yoast.com\/product\/yoast-seo-wordpress\/ -->\n<title>Nu er Kulturm\u00f8de nummer 10 sunget i gang - Mors<\/title>\n<meta name=\"robots\" content=\"index, follow, max-snippet:-1, max-image-preview:large, max-video-preview:-1\" \/>\n<link rel=\"canonical\" href=\"https:\/\/kunmedierne.dk\/mors\/nu-er-kulturmoede-nummer-10-sunget-i-gang\/\" \/>\n<meta property=\"og:locale\" content=\"da_DK\" \/>\n<meta property=\"og:type\" content=\"article\" \/>\n<meta property=\"og:title\" content=\"Nu er Kulturm\u00f8de nummer 10 sunget i gang - Mors\" \/>\n<meta property=\"og:description\" content=\"KULTURM\u00d8DET: Stemningen i Nyk\u00f8bing er lidt mere queer end den plejer at v\u00e6re. Gaden vrimler med veganere og h\u00f8jskolefolk, men den vrimler ogs\u00e5 af Hjemmev\u00e6rnet i neon gule veste, et hav af frivillige og m\u00e6nd i glatte, bl\u00e5 skjorter. \u00a0 P\u00e5 folkescenen synger H\u00e5ndv\u00e6rkerkoret sidste vers af Bl\u00e6sten g\u00e5r frisk over Limfjordens vande. Klokken er [&hellip;]\" \/>\n<meta property=\"og:url\" content=\"https:\/\/kunmedierne.dk\/mors\/nu-er-kulturmoede-nummer-10-sunget-i-gang\/\" \/>\n<meta property=\"og:site_name\" content=\"Mors\" \/>\n<meta property=\"article:published_time\" content=\"2023-08-24T10:33:22+00:00\" \/>\n<meta property=\"article:modified_time\" content=\"2024-08-12T11:17:40+00:00\" \/>\n<meta property=\"og:image\" content=\"https:\/\/kunmedierne.dk\/mors\/wp-content\/uploads\/2023\/08\/IMG_2093-scaled.jpg\" \/>\n\t<meta property=\"og:image:width\" content=\"2560\" \/>\n\t<meta property=\"og:image:height\" content=\"1707\" \/>\n\t<meta property=\"og:image:type\" content=\"image\/jpeg\" \/>\n<meta name=\"author\" content=\"Katrine Hedegaard\" \/>\n<meta name=\"twitter:card\" content=\"summary_large_image\" \/>\n<meta name=\"twitter:label1\" content=\"Skrevet af\" \/>\n\t<meta name=\"twitter:data1\" content=\"Katrine Hedegaard\" \/>\n\t<meta name=\"twitter:label2\" content=\"Estimeret l\u00e6setid\" \/>\n\t<meta name=\"twitter:data2\" content=\"2 minutter\" \/>\n<script type=\"application\/ld+json\" class=\"yoast-schema-graph\">{\"@context\":\"https:\/\/schema.org\",\"@graph\":[{\"@type\":\"Article\",\"@id\":\"https:\/\/kunmedierne.dk\/mors\/nu-er-kulturmoede-nummer-10-sunget-i-gang\/#article\",\"isPartOf\":{\"@id\":\"https:\/\/kunmedierne.dk\/mors\/nu-er-kulturmoede-nummer-10-sunget-i-gang\/\"},\"author\":{\"name\":\"Katrine Hedegaard\",\"@id\":\"https:\/\/kunmedierne.dk\/mors\/#\/schema\/person\/b2e62a38069b12365e53e087a8709c64\"},\"headline\":\"Nu er Kulturm\u00f8de nummer 10 sunget i gang\",\"datePublished\":\"2023-08-24T10:33:22+00:00\",\"dateModified\":\"2024-08-12T11:17:40+00:00\",\"mainEntityOfPage\":{\"@id\":\"https:\/\/kunmedierne.dk\/mors\/nu-er-kulturmoede-nummer-10-sunget-i-gang\/\"},\"wordCount\":288,\"publisher\":{\"@id\":\"https:\/\/kunmedierne.dk\/mors\/#organization\"},\"image\":{\"@id\":\"https:\/\/kunmedierne.dk\/mors\/nu-er-kulturmoede-nummer-10-sunget-i-gang\/#primaryimage\"},\"thumbnailUrl\":\"https:\/\/kunmedierne.dk\/mors\/wp-content\/uploads\/2023\/08\/IMG_2093-scaled.jpg\",\"keywords\":[\"Kulturm\u00f8det\"],\"articleSection\":[\"Lokalt\"],\"inLanguage\":\"da-DK\"},{\"@type\":\"WebPage\",\"@id\":\"https:\/\/kunmedierne.dk\/mors\/nu-er-kulturmoede-nummer-10-sunget-i-gang\/\",\"url\":\"https:\/\/kunmedierne.dk\/mors\/nu-er-kulturmoede-nummer-10-sunget-i-gang\/\",\"name\":\"Nu er Kulturm\u00f8de nummer 10 sunget i gang - Mors\",\"isPartOf\":{\"@id\":\"https:\/\/kunmedierne.dk\/mors\/#website\"},\"primaryImageOfPage\":{\"@id\":\"https:\/\/kunmedierne.dk\/mors\/nu-er-kulturmoede-nummer-10-sunget-i-gang\/#primaryimage\"},\"image\":{\"@id\":\"https:\/\/kunmedierne.dk\/mors\/nu-er-kulturmoede-nummer-10-sunget-i-gang\/#primaryimage\"},\"thumbnailUrl\":\"https:\/\/kunmedierne.dk\/mors\/wp-content\/uploads\/2023\/08\/IMG_2093-scaled.jpg\",\"datePublished\":\"2023-08-24T10:33:22+00:00\",\"dateModified\":\"2024-08-12T11:17:40+00:00\",\"breadcrumb\":{\"@id\":\"https:\/\/kunmedierne.dk\/mors\/nu-er-kulturmoede-nummer-10-sunget-i-gang\/#breadcrumb\"},\"inLanguage\":\"da-DK\",\"potentialAction\":[{\"@type\":\"ReadAction\",\"target\":[\"https:\/\/kunmedierne.dk\/mors\/nu-er-kulturmoede-nummer-10-sunget-i-gang\/\"]}]},{\"@type\":\"ImageObject\",\"inLanguage\":\"da-DK\",\"@id\":\"https:\/\/kunmedierne.dk\/mors\/nu-er-kulturmoede-nummer-10-sunget-i-gang\/#primaryimage\",\"url\":\"https:\/\/kunmedierne.dk\/mors\/wp-content\/uploads\/2023\/08\/IMG_2093-scaled.jpg\",\"contentUrl\":\"https:\/\/kunmedierne.dk\/mors\/wp-content\/uploads\/2023\/08\/IMG_2093-scaled.jpg\",\"width\":2560,\"height\":1707},{\"@type\":\"BreadcrumbList\",\"@id\":\"https:\/\/kunmedierne.dk\/mors\/nu-er-kulturmoede-nummer-10-sunget-i-gang\/#breadcrumb\",\"itemListElement\":[{\"@type\":\"ListItem\",\"position\":1,\"name\":\"Hjem\",\"item\":\"https:\/\/kunmedierne.dk\/mors\/\"},{\"@type\":\"ListItem\",\"position\":2,\"name\":\"Nu er Kulturm\u00f8de nummer 10 sunget i gang\"}]},{\"@type\":\"WebSite\",\"@id\":\"https:\/\/kunmedierne.dk\/mors\/#website\",\"url\":\"https:\/\/kunmedierne.dk\/mors\/\",\"name\":\"Mors\",\"description\":\"et netmedie med journalistik om livet p\u00e5 Mors\",\"publisher\":{\"@id\":\"https:\/\/kunmedierne.dk\/mors\/#organization\"},\"potentialAction\":[{\"@type\":\"SearchAction\",\"target\":{\"@type\":\"EntryPoint\",\"urlTemplate\":\"https:\/\/kunmedierne.dk\/mors\/?s={search_term_string}\"},\"query-input\":{\"@type\":\"PropertyValueSpecification\",\"valueRequired\":true,\"valueName\":\"search_term_string\"}}],\"inLanguage\":\"da-DK\"},{\"@type\":\"Organization\",\"@id\":\"https:\/\/kunmedierne.dk\/mors\/#organization\",\"name\":\"Mors\",\"url\":\"https:\/\/kunmedierne.dk\/mors\/\",\"logo\":{\"@type\":\"ImageObject\",\"inLanguage\":\"da-DK\",\"@id\":\"https:\/\/kunmedierne.dk\/mors\/#\/schema\/logo\/image\/\",\"url\":\"https:\/\/kunmedierne.dk\/mors\/wp-content\/uploads\/2024\/08\/kunmors-logo.svg\",\"contentUrl\":\"https:\/\/kunmedierne.dk\/mors\/wp-content\/uploads\/2024\/08\/kunmors-logo.svg\",\"caption\":\"Mors\"},\"image\":{\"@id\":\"https:\/\/kunmedierne.dk\/mors\/#\/schema\/logo\/image\/\"}},{\"@type\":\"Person\",\"@id\":\"https:\/\/kunmedierne.dk\/mors\/#\/schema\/person\/b2e62a38069b12365e53e087a8709c64\",\"name\":\"Katrine Hedegaard\",\"image\":{\"@type\":\"ImageObject\",\"inLanguage\":\"da-DK\",\"@id\":\"https:\/\/kunmedierne.dk\/mors\/#\/schema\/person\/image\/\",\"url\":\"https:\/\/secure.gravatar.com\/avatar\/18a5c72fa9148052fd3ed5a58b40fc83cfdc9811090e6e6eec9539af058edcc0?s=96&d=mm&r=g\",\"contentUrl\":\"https:\/\/secure.gravatar.com\/avatar\/18a5c72fa9148052fd3ed5a58b40fc83cfdc9811090e6e6eec9539af058edcc0?s=96&d=mm&r=g\",\"caption\":\"Katrine Hedegaard\"},\"url\":\"https:\/\/kunmedierne.dk\/mors\/author\/katrine\/\"}]}<\/script>\n<!-- \/ Yoast SEO plugin. -->","yoast_head_json":{"title":"Nu er Kulturm\u00f8de nummer 10 sunget i gang - Mors","robots":{"index":"index","follow":"follow","max-snippet":"max-snippet:-1","max-image-preview":"max-image-preview:large","max-video-preview":"max-video-preview:-1"},"canonical":"https:\/\/kunmedierne.dk\/mors\/nu-er-kulturmoede-nummer-10-sunget-i-gang\/","og_locale":"da_DK","og_type":"article","og_title":"Nu er Kulturm\u00f8de nummer 10 sunget i gang - Mors","og_description":"KULTURM\u00d8DET: Stemningen i Nyk\u00f8bing er lidt mere queer end den plejer at v\u00e6re. Gaden vrimler med veganere og h\u00f8jskolefolk, men den vrimler ogs\u00e5 af Hjemmev\u00e6rnet i neon gule veste, et hav af frivillige og m\u00e6nd i glatte, bl\u00e5 skjorter. \u00a0 P\u00e5 folkescenen synger H\u00e5ndv\u00e6rkerkoret sidste vers af Bl\u00e6sten g\u00e5r frisk over Limfjordens vande. Klokken er [&hellip;]","og_url":"https:\/\/kunmedierne.dk\/mors\/nu-er-kulturmoede-nummer-10-sunget-i-gang\/","og_site_name":"Mors","article_published_time":"2023-08-24T10:33:22+00:00","article_modified_time":"2024-08-12T11:17:40+00:00","og_image":[{"width":2560,"height":1707,"url":"https:\/\/kunmedierne.dk\/mors\/wp-content\/uploads\/2023\/08\/IMG_2093-scaled.jpg","type":"image\/jpeg"}],"author":"Katrine Hedegaard","twitter_card":"summary_large_image","twitter_misc":{"Skrevet af":"Katrine Hedegaard","Estimeret l\u00e6setid":"2 minutter"},"schema":{"@context":"https:\/\/schema.org","@graph":[{"@type":"Article","@id":"https:\/\/kunmedierne.dk\/mors\/nu-er-kulturmoede-nummer-10-sunget-i-gang\/#article","isPartOf":{"@id":"https:\/\/kunmedierne.dk\/mors\/nu-er-kulturmoede-nummer-10-sunget-i-gang\/"},"author":{"name":"Katrine Hedegaard","@id":"https:\/\/kunmedierne.dk\/mors\/#\/schema\/person\/b2e62a38069b12365e53e087a8709c64"},"headline":"Nu er Kulturm\u00f8de nummer 10 sunget i gang","datePublished":"2023-08-24T10:33:22+00:00","dateModified":"2024-08-12T11:17:40+00:00","mainEntityOfPage":{"@id":"https:\/\/kunmedierne.dk\/mors\/nu-er-kulturmoede-nummer-10-sunget-i-gang\/"},"wordCount":288,"publisher":{"@id":"https:\/\/kunmedierne.dk\/mors\/#organization"},"image":{"@id":"https:\/\/kunmedierne.dk\/mors\/nu-er-kulturmoede-nummer-10-sunget-i-gang\/#primaryimage"},"thumbnailUrl":"https:\/\/kunmedierne.dk\/mors\/wp-content\/uploads\/2023\/08\/IMG_2093-scaled.jpg","keywords":["Kulturm\u00f8det"],"articleSection":["Lokalt"],"inLanguage":"da-DK"},{"@type":"WebPage","@id":"https:\/\/kunmedierne.dk\/mors\/nu-er-kulturmoede-nummer-10-sunget-i-gang\/","url":"https:\/\/kunmedierne.dk\/mors\/nu-er-kulturmoede-nummer-10-sunget-i-gang\/","name":"Nu er Kulturm\u00f8de nummer 10 sunget i gang - Mors","isPartOf":{"@id":"https:\/\/kunmedierne.dk\/mors\/#website"},"primaryImageOfPage":{"@id":"https:\/\/kunmedierne.dk\/mors\/nu-er-kulturmoede-nummer-10-sunget-i-gang\/#primaryimage"},"image":{"@id":"https:\/\/kunmedierne.dk\/mors\/nu-er-kulturmoede-nummer-10-sunget-i-gang\/#primaryimage"},"thumbnailUrl":"https:\/\/kunmedierne.dk\/mors\/wp-content\/uploads\/2023\/08\/IMG_2093-scaled.jpg","datePublished":"2023-08-24T10:33:22+00:00","dateModified":"2024-08-12T11:17:40+00:00","breadcrumb":{"@id":"https:\/\/kunmedierne.dk\/mors\/nu-er-kulturmoede-nummer-10-sunget-i-gang\/#breadcrumb"},"inLanguage":"da-DK","potentialAction":[{"@type":"ReadAction","target":["https:\/\/kunmedierne.dk\/mors\/nu-er-kulturmoede-nummer-10-sunget-i-gang\/"]}]},{"@type":"ImageObject","inLanguage":"da-DK","@id":"https:\/\/kunmedierne.dk\/mors\/nu-er-kulturmoede-nummer-10-sunget-i-gang\/#primaryimage","url":"https:\/\/kunmedierne.dk\/mors\/wp-content\/uploads\/2023\/08\/IMG_2093-scaled.jpg","contentUrl":"https:\/\/kunmedierne.dk\/mors\/wp-content\/uploads\/2023\/08\/IMG_2093-scaled.jpg","width":2560,"height":1707},{"@type":"BreadcrumbList","@id":"https:\/\/kunmedierne.dk\/mors\/nu-er-kulturmoede-nummer-10-sunget-i-gang\/#breadcrumb","itemListElement":[{"@type":"ListItem","position":1,"name":"Hjem","item":"https:\/\/kunmedierne.dk\/mors\/"},{"@type":"ListItem","position":2,"name":"Nu er Kulturm\u00f8de nummer 10 sunget i gang"}]},{"@type":"WebSite","@id":"https:\/\/kunmedierne.dk\/mors\/#website","url":"https:\/\/kunmedierne.dk\/mors\/","name":"Mors","description":"et netmedie med journalistik om livet p\u00e5 Mors","publisher":{"@id":"https:\/\/kunmedierne.dk\/mors\/#organization"},"potentialAction":[{"@type":"SearchAction","target":{"@type":"EntryPoint","urlTemplate":"https:\/\/kunmedierne.dk\/mors\/?s={search_term_string}"},"query-input":{"@type":"PropertyValueSpecification","valueRequired":true,"valueName":"search_term_string"}}],"inLanguage":"da-DK"},{"@type":"Organization","@id":"https:\/\/kunmedierne.dk\/mors\/#organization","name":"Mors","url":"https:\/\/kunmedierne.dk\/mors\/","logo":{"@type":"ImageObject","inLanguage":"da-DK","@id":"https:\/\/kunmedierne.dk\/mors\/#\/schema\/logo\/image\/","url":"https:\/\/kunmedierne.dk\/mors\/wp-content\/uploads\/2024\/08\/kunmors-logo.svg","contentUrl":"https:\/\/kunmedierne.dk\/mors\/wp-content\/uploads\/2024\/08\/kunmors-logo.svg","caption":"Mors"},"image":{"@id":"https:\/\/kunmedierne.dk\/mors\/#\/schema\/logo\/image\/"}},{"@type":"Person","@id":"https:\/\/kunmedierne.dk\/mors\/#\/schema\/person\/b2e62a38069b12365e53e087a8709c64","name":"Katrine Hedegaard","image":{"@type":"ImageObject","inLanguage":"da-DK","@id":"https:\/\/kunmedierne.dk\/mors\/#\/schema\/person\/image\/","url":"https:\/\/secure.gravatar.com\/avatar\/18a5c72fa9148052fd3ed5a58b40fc83cfdc9811090e6e6eec9539af058edcc0?s=96&d=mm&r=g","contentUrl":"https:\/\/secure.gravatar.com\/avatar\/18a5c72fa9148052fd3ed5a58b40fc83cfdc9811090e6e6eec9539af058edcc0?s=96&d=mm&r=g","caption":"Katrine Hedegaard"},"url":"https:\/\/kunmedierne.dk\/mors\/author\/katrine\/"}]}},"_links":{"self":[{"href":"https:\/\/kunmedierne.dk\/mors\/wp-json\/wp\/v2\/posts\/100435","targetHints":{"allow":["GET"]}}],"collection":[{"href":"https:\/\/kunmedierne.dk\/mors\/wp-json\/wp\/v2\/posts"}],"about":[{"href":"https:\/\/kunmedierne.dk\/mors\/wp-json\/wp\/v2\/types\/post"}],"author":[{"embeddable":true,"href":"https:\/\/kunmedierne.dk\/mors\/wp-json\/wp\/v2\/users\/2507"}],"replies":[{"embeddable":true,"href":"https:\/\/kunmedierne.dk\/mors\/wp-json\/wp\/v2\/comments?post=100435"}],"version-history":[{"count":4,"href":"https:\/\/kunmedierne.dk\/mors\/wp-json\/wp\/v2\/posts\/100435\/revisions"}],"predecessor-version":[{"id":100441,"href":"https:\/\/kunmedierne.dk\/mors\/wp-json\/wp\/v2\/posts\/100435\/revisions\/100441"}],"wp:featuredmedia":[{"embeddable":true,"href":"https:\/\/kunmedierne.dk\/mors\/wp-json\/wp\/v2\/media\/100437"}],"wp:attachment":[{"href":"https:\/\/kunmedierne.dk\/mors\/wp-json\/wp\/v2\/media?parent=100435"}],"wp:term":[{"taxonomy":"category","embeddable":true,"href":"https:\/\/kunmedierne.dk\/mors\/wp-json\/wp\/v2\/categories?post=100435"},{"taxonomy":"post_tag","embeddable":true,"href":"https:\/\/kunmedierne.dk\/mors\/wp-json\/wp\/v2\/tags?post=100435"}],"curies":[{"name":"wp","href":"https:\/\/api.w.org\/{rel}","templated":true}]}}