{"id":100399,"date":"2023-08-23T23:50:04","date_gmt":"2023-08-23T21:50:04","guid":{"rendered":"https:\/\/kunmedierne.dk\/mors\/?p=100399"},"modified":"2024-08-12T13:17:40","modified_gmt":"2024-08-12T11:17:40","slug":"dh-morsoe-blaastempler-kulturmoedets-hjaelp-til-handicappede","status":"publish","type":"post","link":"https:\/\/kunmedierne.dk\/mors\/dh-morsoe-blaastempler-kulturmoedets-hjaelp-til-handicappede\/","title":{"rendered":"DH Mors\u00f8 bl\u00e5stempler Kulturm\u00f8dets hj\u00e6lp til handicappede"},"content":{"rendered":"<p dir=\"auto\"><strong>KULTURM\u00d8DET<\/strong>: God kontakt og et vellykket forarbejde har givet lokale handicappede bedre forhold under Kulturm\u00f8det Mors.<\/p>\n<p dir=\"auto\">S\u00e5dan lyder det fra Max Madsen, bestyrelsesmedlem i DH Mors\u00f8, som i de seneste \u00e5r haft et t\u00e6t samarbejde med Mors\u00f8 Kommune og arrang\u00f8rerne bag Kulturm\u00f8det med det m\u00e5l at l\u00f8fte tilg\u00e6ngeligheden for \u00f8ens handicappede.<\/p>\n<p dir=\"auto\">Og det er sket inden 2023-udgaven af den lokale k\u00e6mpevent.<\/p>\n<p dir=\"auto\">&#8211; Der har v\u00e6ret et rigtig godt samarbejde om at sikre bedst mulige forhold for folk med s\u00e6rlige behov. DH Mors\u00f8 oplever \u00e5benhed og im\u00f8dekommenhed samt vilje til at g\u00f8re det bedste, man kan, fra arrang\u00f8rerne, fort\u00e6ller Max Madsen.<\/p>\n<p dir=\"auto\"><a class=\"dvrt-link\" onClick=\"cdmtrack_click(104786,jQuery(this));return false\" href=\"https:\/\/limfjordsteatret.dk\/events\/tobias-dybvad-mit-bedste-onemanshow\/\"><img decoding=\"async\" style=\"width:100%;\" src=\"https:\/\/kunmedierne.dk\/mors\/wp-content\/uploads\/2023\/10\/aarskortLim_KunMors_1100x125.jpg\"><\/a><script>cdmtrack_view(104786);<\/script><\/p>\n<p dir=\"auto\">Han s\u00e6tter ord p\u00e5, hvordan Kulturm\u00f8det kan tage sig ud med en handicappets perspektiv.<\/p>\n<p dir=\"auto\">&#8211;\u00a0Kultur kan v\u00e6re mangt og meget, kultur kan v\u00e6re spontanitet og impulsiv, kultur kan v\u00e6re her og nu! Kultur kan v\u00e6re broget og bakket, kultur kan v\u00e6re v\u00e5dt og koldt.\u00a0Derfor kan noget s\u00e5 simpelt som tilg\u00e6ngelighed v\u00e6re problematisk, siger han.<\/p>\n<p dir=\"auto\">Men nu er der sket et l\u00f8ft p\u00e5 tilg\u00e6ngeligheden. Tirsdag var Max Madsen p\u00e5 Kulturpladsen for sammen med Simon Cens-Slot fra Kulturm\u00f8det at inspicere forholdene.<\/p>\n<p dir=\"auto\">&#8211; Der blev kigget p\u00e5 de udfordringer, vi har oplevet fra tidligere \u00e5r, og i god dialog fundet l\u00f8sninger. Det er ingen hemmelighed, at Kulturpladsen er lettere udfordret af det v\u00e5de vejr, og arrang\u00f8rerne har set sig n\u00f8dsaget til at anvende tr\u00e6flis p\u00e5 dele af pladsen, siger Max Madsen med tilf\u00f8jelsen, at det som udgangspunkt ikke er en optimal l\u00f8sning for gangbesv\u00e6rede og brugere af k\u00f8restole.<\/p>\n<p dir=\"auto\"><a class=\"dvrt-link\" onClick=\"cdmtrack_click(104787,jQuery(this));return false\" href=\"https:\/\/www.jyskebank.dk\/kontakt\/afdelingsinfo?departmentid=11890\"><img decoding=\"async\" style=\"width:100%;\" src=\"https:\/\/kunmedierne.dk\/mors\/wp-content\/uploads\/2023\/10\/260325JyskeBankMorsNy-1.jpg\"><\/a><script>cdmtrack_view(104787);<\/script><\/p>\n<p dir=\"auto\">&#8211; Men med udlagte k\u00f8replader p\u00e5 omr\u00e5det er der gjort de tiltag, der er mulige. Det er vi i DH Mors\u00f8 meget glade for, siger han og tilf\u00f8jer, at Kulturm\u00f8det Mors har et afsp\u00e6rret omr\u00e5de til k\u00f8restole ved den store scene, s\u00e5 alle har mulighed for en god oplevelse.<\/p>\n<p dir=\"auto\">Du kan se hele programmet for Kulturm\u00f8det Mors <a href=\"https:\/\/program.kulturmodet.dk\/events\">her<\/a>.<\/p>\n<blockquote>\n<h3 dir=\"auto\">FAKTA<\/h3>\n<h5 dir=\"auto\">Information om parkering og toiletforhold under Kulturm\u00f8det kan findes p\u00e5 hjemmesiden p\u00e5 Kulturm\u00f8det Mors.<\/h5>\n<h5 dir=\"auto\">DH Mors\u00f8 oplsyer, at hvis man oplever problematikker i forbindelse med Kulturm\u00f8det er DH Mors\u00f8-formand S\u00f8ren Pedersen klar til at hj\u00e6lpe. Han kan kontaktes p\u00e5 telefon: 2926 4432.<\/h5>\n<\/blockquote>\n","protected":false},"excerpt":{"rendered":"<p>KULTURM\u00d8DET: God kontakt og et vellykket forarbejde har givet lokale handicappede bedre forhold under Kulturm\u00f8det Mors. S\u00e5dan lyder det fra Max Madsen, bestyrelsesmedlem i DH Mors\u00f8, som i de seneste \u00e5r haft et t\u00e6t samarbejde med Mors\u00f8 Kommune og arrang\u00f8rerne bag Kulturm\u00f8det med det m\u00e5l at l\u00f8fte tilg\u00e6ngeligheden for \u00f8ens handicappede. Og det er sket [&hellip;]<\/p>\n","protected":false},"author":8,"featured_media":100401,"comment_status":"closed","ping_status":"open","sticky":false,"template":"","format":"standard","meta":{"_acf_changed":false,"footnotes":""},"categories":[49],"tags":[162],"class_list":["post-100399","post","type-post","status-publish","format-standard","has-post-thumbnail","hentry","category-kultur","tag-kulturmoedet"],"acf":[],"yoast_head":"<!-- This site is optimized with the Yoast SEO plugin v26.8 - https:\/\/yoast.com\/product\/yoast-seo-wordpress\/ -->\n<title>DH Mors\u00f8 bl\u00e5stempler Kulturm\u00f8dets hj\u00e6lp til handicappede - Mors<\/title>\n<meta name=\"robots\" content=\"index, follow, max-snippet:-1, max-image-preview:large, max-video-preview:-1\" \/>\n<link rel=\"canonical\" href=\"https:\/\/kunmedierne.dk\/mors\/dh-morsoe-blaastempler-kulturmoedets-hjaelp-til-handicappede\/\" \/>\n<meta property=\"og:locale\" content=\"da_DK\" \/>\n<meta property=\"og:type\" content=\"article\" \/>\n<meta property=\"og:title\" content=\"DH Mors\u00f8 bl\u00e5stempler Kulturm\u00f8dets hj\u00e6lp til handicappede - Mors\" \/>\n<meta property=\"og:description\" content=\"KULTURM\u00d8DET: God kontakt og et vellykket forarbejde har givet lokale handicappede bedre forhold under Kulturm\u00f8det Mors. S\u00e5dan lyder det fra Max Madsen, bestyrelsesmedlem i DH Mors\u00f8, som i de seneste \u00e5r haft et t\u00e6t samarbejde med Mors\u00f8 Kommune og arrang\u00f8rerne bag Kulturm\u00f8det med det m\u00e5l at l\u00f8fte tilg\u00e6ngeligheden for \u00f8ens handicappede. Og det er sket [&hellip;]\" \/>\n<meta property=\"og:url\" content=\"https:\/\/kunmedierne.dk\/mors\/dh-morsoe-blaastempler-kulturmoedets-hjaelp-til-handicappede\/\" \/>\n<meta property=\"og:site_name\" content=\"Mors\" \/>\n<meta property=\"article:published_time\" content=\"2023-08-23T21:50:04+00:00\" \/>\n<meta property=\"article:modified_time\" content=\"2024-08-12T11:17:40+00:00\" \/>\n<meta property=\"og:image\" content=\"https:\/\/kunmedierne.dk\/mors\/wp-content\/uploads\/2023\/08\/aabning-2022.jpg\" \/>\n\t<meta property=\"og:image:width\" content=\"770\" \/>\n\t<meta property=\"og:image:height\" content=\"514\" \/>\n\t<meta property=\"og:image:type\" content=\"image\/jpeg\" \/>\n<meta name=\"author\" content=\"David H\u00f8jmark\" \/>\n<meta name=\"twitter:card\" content=\"summary_large_image\" \/>\n<meta name=\"twitter:label1\" content=\"Skrevet af\" \/>\n\t<meta name=\"twitter:data1\" content=\"David H\u00f8jmark\" \/>\n\t<meta name=\"twitter:label2\" content=\"Estimeret l\u00e6setid\" \/>\n\t<meta name=\"twitter:data2\" content=\"2 minutter\" \/>\n<script type=\"application\/ld+json\" class=\"yoast-schema-graph\">{\"@context\":\"https:\/\/schema.org\",\"@graph\":[{\"@type\":\"Article\",\"@id\":\"https:\/\/kunmedierne.dk\/mors\/dh-morsoe-blaastempler-kulturmoedets-hjaelp-til-handicappede\/#article\",\"isPartOf\":{\"@id\":\"https:\/\/kunmedierne.dk\/mors\/dh-morsoe-blaastempler-kulturmoedets-hjaelp-til-handicappede\/\"},\"author\":{\"name\":\"David H\u00f8jmark\",\"@id\":\"https:\/\/kunmedierne.dk\/mors\/#\/schema\/person\/5fe23251bf1d0abbcdc6f7896579d548\"},\"headline\":\"DH Mors\u00f8 bl\u00e5stempler Kulturm\u00f8dets hj\u00e6lp til handicappede\",\"datePublished\":\"2023-08-23T21:50:04+00:00\",\"dateModified\":\"2024-08-12T11:17:40+00:00\",\"mainEntityOfPage\":{\"@id\":\"https:\/\/kunmedierne.dk\/mors\/dh-morsoe-blaastempler-kulturmoedets-hjaelp-til-handicappede\/\"},\"wordCount\":412,\"publisher\":{\"@id\":\"https:\/\/kunmedierne.dk\/mors\/#organization\"},\"image\":{\"@id\":\"https:\/\/kunmedierne.dk\/mors\/dh-morsoe-blaastempler-kulturmoedets-hjaelp-til-handicappede\/#primaryimage\"},\"thumbnailUrl\":\"https:\/\/kunmedierne.dk\/mors\/wp-content\/uploads\/2023\/08\/aabning-2022.jpg\",\"keywords\":[\"Kulturm\u00f8det\"],\"articleSection\":[\"Kultur\"],\"inLanguage\":\"da-DK\"},{\"@type\":\"WebPage\",\"@id\":\"https:\/\/kunmedierne.dk\/mors\/dh-morsoe-blaastempler-kulturmoedets-hjaelp-til-handicappede\/\",\"url\":\"https:\/\/kunmedierne.dk\/mors\/dh-morsoe-blaastempler-kulturmoedets-hjaelp-til-handicappede\/\",\"name\":\"DH Mors\u00f8 bl\u00e5stempler Kulturm\u00f8dets hj\u00e6lp til handicappede - Mors\",\"isPartOf\":{\"@id\":\"https:\/\/kunmedierne.dk\/mors\/#website\"},\"primaryImageOfPage\":{\"@id\":\"https:\/\/kunmedierne.dk\/mors\/dh-morsoe-blaastempler-kulturmoedets-hjaelp-til-handicappede\/#primaryimage\"},\"image\":{\"@id\":\"https:\/\/kunmedierne.dk\/mors\/dh-morsoe-blaastempler-kulturmoedets-hjaelp-til-handicappede\/#primaryimage\"},\"thumbnailUrl\":\"https:\/\/kunmedierne.dk\/mors\/wp-content\/uploads\/2023\/08\/aabning-2022.jpg\",\"datePublished\":\"2023-08-23T21:50:04+00:00\",\"dateModified\":\"2024-08-12T11:17:40+00:00\",\"breadcrumb\":{\"@id\":\"https:\/\/kunmedierne.dk\/mors\/dh-morsoe-blaastempler-kulturmoedets-hjaelp-til-handicappede\/#breadcrumb\"},\"inLanguage\":\"da-DK\",\"potentialAction\":[{\"@type\":\"ReadAction\",\"target\":[\"https:\/\/kunmedierne.dk\/mors\/dh-morsoe-blaastempler-kulturmoedets-hjaelp-til-handicappede\/\"]}]},{\"@type\":\"ImageObject\",\"inLanguage\":\"da-DK\",\"@id\":\"https:\/\/kunmedierne.dk\/mors\/dh-morsoe-blaastempler-kulturmoedets-hjaelp-til-handicappede\/#primaryimage\",\"url\":\"https:\/\/kunmedierne.dk\/mors\/wp-content\/uploads\/2023\/08\/aabning-2022.jpg\",\"contentUrl\":\"https:\/\/kunmedierne.dk\/mors\/wp-content\/uploads\/2023\/08\/aabning-2022.jpg\",\"width\":770,\"height\":514,\"caption\":\"I dag \u00e5bner Kulturm\u00f8det Mors 2023. DH Mors\u00f8 siger god for forholdene for handicappede. Arkivfoto: Per Bille.\"},{\"@type\":\"BreadcrumbList\",\"@id\":\"https:\/\/kunmedierne.dk\/mors\/dh-morsoe-blaastempler-kulturmoedets-hjaelp-til-handicappede\/#breadcrumb\",\"itemListElement\":[{\"@type\":\"ListItem\",\"position\":1,\"name\":\"Hjem\",\"item\":\"https:\/\/kunmedierne.dk\/mors\/\"},{\"@type\":\"ListItem\",\"position\":2,\"name\":\"DH Mors\u00f8 bl\u00e5stempler Kulturm\u00f8dets hj\u00e6lp til handicappede\"}]},{\"@type\":\"WebSite\",\"@id\":\"https:\/\/kunmedierne.dk\/mors\/#website\",\"url\":\"https:\/\/kunmedierne.dk\/mors\/\",\"name\":\"Mors\",\"description\":\"et netmedie med journalistik om livet p\u00e5 Mors\",\"publisher\":{\"@id\":\"https:\/\/kunmedierne.dk\/mors\/#organization\"},\"potentialAction\":[{\"@type\":\"SearchAction\",\"target\":{\"@type\":\"EntryPoint\",\"urlTemplate\":\"https:\/\/kunmedierne.dk\/mors\/?s={search_term_string}\"},\"query-input\":{\"@type\":\"PropertyValueSpecification\",\"valueRequired\":true,\"valueName\":\"search_term_string\"}}],\"inLanguage\":\"da-DK\"},{\"@type\":\"Organization\",\"@id\":\"https:\/\/kunmedierne.dk\/mors\/#organization\",\"name\":\"Mors\",\"url\":\"https:\/\/kunmedierne.dk\/mors\/\",\"logo\":{\"@type\":\"ImageObject\",\"inLanguage\":\"da-DK\",\"@id\":\"https:\/\/kunmedierne.dk\/mors\/#\/schema\/logo\/image\/\",\"url\":\"https:\/\/kunmedierne.dk\/mors\/wp-content\/uploads\/2024\/08\/kunmors-logo.svg\",\"contentUrl\":\"https:\/\/kunmedierne.dk\/mors\/wp-content\/uploads\/2024\/08\/kunmors-logo.svg\",\"caption\":\"Mors\"},\"image\":{\"@id\":\"https:\/\/kunmedierne.dk\/mors\/#\/schema\/logo\/image\/\"}},{\"@type\":\"Person\",\"@id\":\"https:\/\/kunmedierne.dk\/mors\/#\/schema\/person\/5fe23251bf1d0abbcdc6f7896579d548\",\"name\":\"David H\u00f8jmark\",\"image\":{\"@type\":\"ImageObject\",\"inLanguage\":\"da-DK\",\"@id\":\"https:\/\/kunmedierne.dk\/mors\/#\/schema\/person\/image\/\",\"url\":\"https:\/\/secure.gravatar.com\/avatar\/4315d6fb9ef244d729989f5f90268eb08d5bf8a3d84402f595fa194bb35784fd?s=96&d=mm&r=g\",\"contentUrl\":\"https:\/\/secure.gravatar.com\/avatar\/4315d6fb9ef244d729989f5f90268eb08d5bf8a3d84402f595fa194bb35784fd?s=96&d=mm&r=g\",\"caption\":\"David H\u00f8jmark\"},\"sameAs\":[\"https:\/\/www.kunmedierne.dk\"],\"url\":\"https:\/\/kunmedierne.dk\/mors\/author\/david\/\"}]}<\/script>\n<!-- \/ Yoast SEO plugin. -->","yoast_head_json":{"title":"DH Mors\u00f8 bl\u00e5stempler Kulturm\u00f8dets hj\u00e6lp til handicappede - Mors","robots":{"index":"index","follow":"follow","max-snippet":"max-snippet:-1","max-image-preview":"max-image-preview:large","max-video-preview":"max-video-preview:-1"},"canonical":"https:\/\/kunmedierne.dk\/mors\/dh-morsoe-blaastempler-kulturmoedets-hjaelp-til-handicappede\/","og_locale":"da_DK","og_type":"article","og_title":"DH Mors\u00f8 bl\u00e5stempler Kulturm\u00f8dets hj\u00e6lp til handicappede - Mors","og_description":"KULTURM\u00d8DET: God kontakt og et vellykket forarbejde har givet lokale handicappede bedre forhold under Kulturm\u00f8det Mors. S\u00e5dan lyder det fra Max Madsen, bestyrelsesmedlem i DH Mors\u00f8, som i de seneste \u00e5r haft et t\u00e6t samarbejde med Mors\u00f8 Kommune og arrang\u00f8rerne bag Kulturm\u00f8det med det m\u00e5l at l\u00f8fte tilg\u00e6ngeligheden for \u00f8ens handicappede. Og det er sket [&hellip;]","og_url":"https:\/\/kunmedierne.dk\/mors\/dh-morsoe-blaastempler-kulturmoedets-hjaelp-til-handicappede\/","og_site_name":"Mors","article_published_time":"2023-08-23T21:50:04+00:00","article_modified_time":"2024-08-12T11:17:40+00:00","og_image":[{"width":770,"height":514,"url":"https:\/\/kunmedierne.dk\/mors\/wp-content\/uploads\/2023\/08\/aabning-2022.jpg","type":"image\/jpeg"}],"author":"David H\u00f8jmark","twitter_card":"summary_large_image","twitter_misc":{"Skrevet af":"David H\u00f8jmark","Estimeret l\u00e6setid":"2 minutter"},"schema":{"@context":"https:\/\/schema.org","@graph":[{"@type":"Article","@id":"https:\/\/kunmedierne.dk\/mors\/dh-morsoe-blaastempler-kulturmoedets-hjaelp-til-handicappede\/#article","isPartOf":{"@id":"https:\/\/kunmedierne.dk\/mors\/dh-morsoe-blaastempler-kulturmoedets-hjaelp-til-handicappede\/"},"author":{"name":"David H\u00f8jmark","@id":"https:\/\/kunmedierne.dk\/mors\/#\/schema\/person\/5fe23251bf1d0abbcdc6f7896579d548"},"headline":"DH Mors\u00f8 bl\u00e5stempler Kulturm\u00f8dets hj\u00e6lp til handicappede","datePublished":"2023-08-23T21:50:04+00:00","dateModified":"2024-08-12T11:17:40+00:00","mainEntityOfPage":{"@id":"https:\/\/kunmedierne.dk\/mors\/dh-morsoe-blaastempler-kulturmoedets-hjaelp-til-handicappede\/"},"wordCount":412,"publisher":{"@id":"https:\/\/kunmedierne.dk\/mors\/#organization"},"image":{"@id":"https:\/\/kunmedierne.dk\/mors\/dh-morsoe-blaastempler-kulturmoedets-hjaelp-til-handicappede\/#primaryimage"},"thumbnailUrl":"https:\/\/kunmedierne.dk\/mors\/wp-content\/uploads\/2023\/08\/aabning-2022.jpg","keywords":["Kulturm\u00f8det"],"articleSection":["Kultur"],"inLanguage":"da-DK"},{"@type":"WebPage","@id":"https:\/\/kunmedierne.dk\/mors\/dh-morsoe-blaastempler-kulturmoedets-hjaelp-til-handicappede\/","url":"https:\/\/kunmedierne.dk\/mors\/dh-morsoe-blaastempler-kulturmoedets-hjaelp-til-handicappede\/","name":"DH Mors\u00f8 bl\u00e5stempler Kulturm\u00f8dets hj\u00e6lp til handicappede - Mors","isPartOf":{"@id":"https:\/\/kunmedierne.dk\/mors\/#website"},"primaryImageOfPage":{"@id":"https:\/\/kunmedierne.dk\/mors\/dh-morsoe-blaastempler-kulturmoedets-hjaelp-til-handicappede\/#primaryimage"},"image":{"@id":"https:\/\/kunmedierne.dk\/mors\/dh-morsoe-blaastempler-kulturmoedets-hjaelp-til-handicappede\/#primaryimage"},"thumbnailUrl":"https:\/\/kunmedierne.dk\/mors\/wp-content\/uploads\/2023\/08\/aabning-2022.jpg","datePublished":"2023-08-23T21:50:04+00:00","dateModified":"2024-08-12T11:17:40+00:00","breadcrumb":{"@id":"https:\/\/kunmedierne.dk\/mors\/dh-morsoe-blaastempler-kulturmoedets-hjaelp-til-handicappede\/#breadcrumb"},"inLanguage":"da-DK","potentialAction":[{"@type":"ReadAction","target":["https:\/\/kunmedierne.dk\/mors\/dh-morsoe-blaastempler-kulturmoedets-hjaelp-til-handicappede\/"]}]},{"@type":"ImageObject","inLanguage":"da-DK","@id":"https:\/\/kunmedierne.dk\/mors\/dh-morsoe-blaastempler-kulturmoedets-hjaelp-til-handicappede\/#primaryimage","url":"https:\/\/kunmedierne.dk\/mors\/wp-content\/uploads\/2023\/08\/aabning-2022.jpg","contentUrl":"https:\/\/kunmedierne.dk\/mors\/wp-content\/uploads\/2023\/08\/aabning-2022.jpg","width":770,"height":514,"caption":"I dag \u00e5bner Kulturm\u00f8det Mors 2023. DH Mors\u00f8 siger god for forholdene for handicappede. Arkivfoto: Per Bille."},{"@type":"BreadcrumbList","@id":"https:\/\/kunmedierne.dk\/mors\/dh-morsoe-blaastempler-kulturmoedets-hjaelp-til-handicappede\/#breadcrumb","itemListElement":[{"@type":"ListItem","position":1,"name":"Hjem","item":"https:\/\/kunmedierne.dk\/mors\/"},{"@type":"ListItem","position":2,"name":"DH Mors\u00f8 bl\u00e5stempler Kulturm\u00f8dets hj\u00e6lp til handicappede"}]},{"@type":"WebSite","@id":"https:\/\/kunmedierne.dk\/mors\/#website","url":"https:\/\/kunmedierne.dk\/mors\/","name":"Mors","description":"et netmedie med journalistik om livet p\u00e5 Mors","publisher":{"@id":"https:\/\/kunmedierne.dk\/mors\/#organization"},"potentialAction":[{"@type":"SearchAction","target":{"@type":"EntryPoint","urlTemplate":"https:\/\/kunmedierne.dk\/mors\/?s={search_term_string}"},"query-input":{"@type":"PropertyValueSpecification","valueRequired":true,"valueName":"search_term_string"}}],"inLanguage":"da-DK"},{"@type":"Organization","@id":"https:\/\/kunmedierne.dk\/mors\/#organization","name":"Mors","url":"https:\/\/kunmedierne.dk\/mors\/","logo":{"@type":"ImageObject","inLanguage":"da-DK","@id":"https:\/\/kunmedierne.dk\/mors\/#\/schema\/logo\/image\/","url":"https:\/\/kunmedierne.dk\/mors\/wp-content\/uploads\/2024\/08\/kunmors-logo.svg","contentUrl":"https:\/\/kunmedierne.dk\/mors\/wp-content\/uploads\/2024\/08\/kunmors-logo.svg","caption":"Mors"},"image":{"@id":"https:\/\/kunmedierne.dk\/mors\/#\/schema\/logo\/image\/"}},{"@type":"Person","@id":"https:\/\/kunmedierne.dk\/mors\/#\/schema\/person\/5fe23251bf1d0abbcdc6f7896579d548","name":"David H\u00f8jmark","image":{"@type":"ImageObject","inLanguage":"da-DK","@id":"https:\/\/kunmedierne.dk\/mors\/#\/schema\/person\/image\/","url":"https:\/\/secure.gravatar.com\/avatar\/4315d6fb9ef244d729989f5f90268eb08d5bf8a3d84402f595fa194bb35784fd?s=96&d=mm&r=g","contentUrl":"https:\/\/secure.gravatar.com\/avatar\/4315d6fb9ef244d729989f5f90268eb08d5bf8a3d84402f595fa194bb35784fd?s=96&d=mm&r=g","caption":"David H\u00f8jmark"},"sameAs":["https:\/\/www.kunmedierne.dk"],"url":"https:\/\/kunmedierne.dk\/mors\/author\/david\/"}]}},"_links":{"self":[{"href":"https:\/\/kunmedierne.dk\/mors\/wp-json\/wp\/v2\/posts\/100399","targetHints":{"allow":["GET"]}}],"collection":[{"href":"https:\/\/kunmedierne.dk\/mors\/wp-json\/wp\/v2\/posts"}],"about":[{"href":"https:\/\/kunmedierne.dk\/mors\/wp-json\/wp\/v2\/types\/post"}],"author":[{"embeddable":true,"href":"https:\/\/kunmedierne.dk\/mors\/wp-json\/wp\/v2\/users\/8"}],"replies":[{"embeddable":true,"href":"https:\/\/kunmedierne.dk\/mors\/wp-json\/wp\/v2\/comments?post=100399"}],"version-history":[{"count":3,"href":"https:\/\/kunmedierne.dk\/mors\/wp-json\/wp\/v2\/posts\/100399\/revisions"}],"predecessor-version":[{"id":100404,"href":"https:\/\/kunmedierne.dk\/mors\/wp-json\/wp\/v2\/posts\/100399\/revisions\/100404"}],"wp:featuredmedia":[{"embeddable":true,"href":"https:\/\/kunmedierne.dk\/mors\/wp-json\/wp\/v2\/media\/100401"}],"wp:attachment":[{"href":"https:\/\/kunmedierne.dk\/mors\/wp-json\/wp\/v2\/media?parent=100399"}],"wp:term":[{"taxonomy":"category","embeddable":true,"href":"https:\/\/kunmedierne.dk\/mors\/wp-json\/wp\/v2\/categories?post=100399"},{"taxonomy":"post_tag","embeddable":true,"href":"https:\/\/kunmedierne.dk\/mors\/wp-json\/wp\/v2\/tags?post=100399"}],"curies":[{"name":"wp","href":"https:\/\/api.w.org\/{rel}","templated":true}]}}