{"id":100382,"date":"2023-08-23T18:45:49","date_gmt":"2023-08-23T16:45:49","guid":{"rendered":"https:\/\/kunmedierne.dk\/mors\/?p=100382"},"modified":"2024-08-12T13:17:40","modified_gmt":"2024-08-12T11:17:40","slug":"kulturmoedet-saadan-bliver-vejret-de-naeste-dage","status":"publish","type":"post","link":"https:\/\/kunmedierne.dk\/mors\/kulturmoedet-saadan-bliver-vejret-de-naeste-dage\/","title":{"rendered":"Kulturm\u00f8det: S\u00e5dan bliver vejret de n\u00e6ste dage"},"content":{"rendered":"<p><strong>MORS<\/strong>: Vejrguderne ser ud til at holde med Kulturm\u00f8det Mors i \u00e5r.<\/p>\n<p>Et kig p\u00e5 vejrudsigten for de kommende dage viser noget n\u00e6r perfekte forhold for at shoppe kultur p\u00e5 udend\u00f8rs g\u00e5ben. Det vil sige: Ikke for varmt, kun behagelig vind og n\u00e6sten ingen regn.<\/p>\n<p>S\u00e5vel DMI som TV2 Vejret lover en overskyet torsdag med n\u00e6sten ingen vind og minimale m\u00e6ngder regn. Der kommer enkelte dr\u00e5ber sent p\u00e5 eftermiddagen eller ud p\u00e5 aftenen, men n\u00e6ppe nok til, at man fortryder, hvis man lader paraplyen blive hjemme.<\/p>\n<a class=\"dvrt-link\" onClick=\"cdmtrack_click(104783,jQuery(this));return false\" href=\"https:\/\/konpap.dk\/\"><img decoding=\"async\" style=\"width:100%;\" src=\"https:\/\/kunmedierne.dk\/mors\/wp-content\/uploads\/2023\/10\/Kun-Mors-banner.jpg\"><\/a><script>cdmtrack_view(104783);<\/script>\n<p>Fredag meldes der om op til let vind, men stadig med meget lidt regn &#8211; og den smule, der kommer, vil falde i nattetimerne eller tidlige morgentimer. Solen vil endda ogs\u00e5 titte frem imellem skyerne fra tid til anden.<\/p>\n<p>L\u00f8rdag er samme historie &#8211; if\u00f8lge TV2 Vejret dog med op til j\u00e6vn vind, men ogs\u00e5 med bes\u00f8g fra solen, n\u00e5r den f\u00e5r muligheden.<\/p>\n<p>Det g\u00f8r den if\u00f8lge DMI is\u00e6r om aftenen. Vurderingen lyder, at Kulturets popul\u00e6re punktum, koncerterne p\u00e5 KulturPladsen og Ung Kult-manegen, bliver under en flot og skyfri himmel.<\/p>\n<p>Alle dagene vurderer meteorologerne fra de to vejrtjenester temperaturer i omegnen af 15-20 grader.<\/p>\n<p>&nbsp;<\/p>\n<h5>L\u00c6S OGS\u00c5:<\/h5>\n<h5><a href=\"https:\/\/kunmedierne.dk\/mors\/foer-kulturmoedet-det-er-blevet-aktuelt-at-kigge-imod-norden-igen\/\">F\u00f8r Kulturm\u00f8det: &#8211; Det er blevet aktuelt at kigge imod Norden igen<\/a><\/h5>\n<h5><a href=\"https:\/\/kunmedierne.dk\/mors\/dueholmskolens-kulturcrew-gav-en-hjaelpende-haand-i-gaagaden\/\">Dueholmskolens KulturCrew gav en hj\u00e6lpende h\u00e5nd i g\u00e5gaden<\/a><\/h5>\n","protected":false},"excerpt":{"rendered":"<p>MORS: Vejrguderne ser ud til at holde med Kulturm\u00f8det Mors i \u00e5r. Et kig p\u00e5 vejrudsigten for de kommende dage viser noget n\u00e6r perfekte forhold for at shoppe kultur p\u00e5 udend\u00f8rs g\u00e5ben. Det vil sige: Ikke for varmt, kun behagelig vind og n\u00e6sten ingen regn. S\u00e5vel DMI som TV2 Vejret lover en overskyet torsdag med [&hellip;]<\/p>\n","protected":false},"author":8,"featured_media":100383,"comment_status":"closed","ping_status":"open","sticky":false,"template":"","format":"standard","meta":{"_acf_changed":false,"footnotes":""},"categories":[49],"tags":[162],"class_list":["post-100382","post","type-post","status-publish","format-standard","has-post-thumbnail","hentry","category-kultur","tag-kulturmoedet"],"acf":[],"yoast_head":"<!-- This site is optimized with the Yoast SEO plugin v26.8 - https:\/\/yoast.com\/product\/yoast-seo-wordpress\/ -->\n<title>Kulturm\u00f8det: S\u00e5dan bliver vejret de n\u00e6ste dage - Mors<\/title>\n<meta name=\"robots\" content=\"index, follow, max-snippet:-1, max-image-preview:large, max-video-preview:-1\" \/>\n<link rel=\"canonical\" href=\"https:\/\/kunmedierne.dk\/mors\/kulturmoedet-saadan-bliver-vejret-de-naeste-dage\/\" \/>\n<meta property=\"og:locale\" content=\"da_DK\" \/>\n<meta property=\"og:type\" content=\"article\" \/>\n<meta property=\"og:title\" content=\"Kulturm\u00f8det: S\u00e5dan bliver vejret de n\u00e6ste dage - Mors\" \/>\n<meta property=\"og:description\" content=\"MORS: Vejrguderne ser ud til at holde med Kulturm\u00f8det Mors i \u00e5r. Et kig p\u00e5 vejrudsigten for de kommende dage viser noget n\u00e6r perfekte forhold for at shoppe kultur p\u00e5 udend\u00f8rs g\u00e5ben. Det vil sige: Ikke for varmt, kun behagelig vind og n\u00e6sten ingen regn. S\u00e5vel DMI som TV2 Vejret lover en overskyet torsdag med [&hellip;]\" \/>\n<meta property=\"og:url\" content=\"https:\/\/kunmedierne.dk\/mors\/kulturmoedet-saadan-bliver-vejret-de-naeste-dage\/\" \/>\n<meta property=\"og:site_name\" content=\"Mors\" \/>\n<meta property=\"article:published_time\" content=\"2023-08-23T16:45:49+00:00\" \/>\n<meta property=\"article:modified_time\" content=\"2024-08-12T11:17:40+00:00\" \/>\n<meta property=\"og:image\" content=\"https:\/\/kunmedierne.dk\/mors\/wp-content\/uploads\/2023\/08\/KONCERT.jpg\" \/>\n\t<meta property=\"og:image:width\" content=\"770\" \/>\n\t<meta property=\"og:image:height\" content=\"513\" \/>\n\t<meta property=\"og:image:type\" content=\"image\/jpeg\" \/>\n<meta name=\"author\" content=\"David H\u00f8jmark\" \/>\n<meta name=\"twitter:card\" content=\"summary_large_image\" \/>\n<meta name=\"twitter:label1\" content=\"Skrevet af\" \/>\n\t<meta name=\"twitter:data1\" content=\"David H\u00f8jmark\" \/>\n\t<meta name=\"twitter:label2\" content=\"Estimeret l\u00e6setid\" \/>\n\t<meta name=\"twitter:data2\" content=\"2 minutter\" \/>\n<script type=\"application\/ld+json\" class=\"yoast-schema-graph\">{\"@context\":\"https:\/\/schema.org\",\"@graph\":[{\"@type\":\"Article\",\"@id\":\"https:\/\/kunmedierne.dk\/mors\/kulturmoedet-saadan-bliver-vejret-de-naeste-dage\/#article\",\"isPartOf\":{\"@id\":\"https:\/\/kunmedierne.dk\/mors\/kulturmoedet-saadan-bliver-vejret-de-naeste-dage\/\"},\"author\":{\"name\":\"David H\u00f8jmark\",\"@id\":\"https:\/\/kunmedierne.dk\/mors\/#\/schema\/person\/5fe23251bf1d0abbcdc6f7896579d548\"},\"headline\":\"Kulturm\u00f8det: S\u00e5dan bliver vejret de n\u00e6ste dage\",\"datePublished\":\"2023-08-23T16:45:49+00:00\",\"dateModified\":\"2024-08-12T11:17:40+00:00\",\"mainEntityOfPage\":{\"@id\":\"https:\/\/kunmedierne.dk\/mors\/kulturmoedet-saadan-bliver-vejret-de-naeste-dage\/\"},\"wordCount\":251,\"publisher\":{\"@id\":\"https:\/\/kunmedierne.dk\/mors\/#organization\"},\"image\":{\"@id\":\"https:\/\/kunmedierne.dk\/mors\/kulturmoedet-saadan-bliver-vejret-de-naeste-dage\/#primaryimage\"},\"thumbnailUrl\":\"https:\/\/kunmedierne.dk\/mors\/wp-content\/uploads\/2023\/08\/KONCERT.jpg\",\"keywords\":[\"Kulturm\u00f8det\"],\"articleSection\":[\"Kultur\"],\"inLanguage\":\"da-DK\"},{\"@type\":\"WebPage\",\"@id\":\"https:\/\/kunmedierne.dk\/mors\/kulturmoedet-saadan-bliver-vejret-de-naeste-dage\/\",\"url\":\"https:\/\/kunmedierne.dk\/mors\/kulturmoedet-saadan-bliver-vejret-de-naeste-dage\/\",\"name\":\"Kulturm\u00f8det: S\u00e5dan bliver vejret de n\u00e6ste dage - Mors\",\"isPartOf\":{\"@id\":\"https:\/\/kunmedierne.dk\/mors\/#website\"},\"primaryImageOfPage\":{\"@id\":\"https:\/\/kunmedierne.dk\/mors\/kulturmoedet-saadan-bliver-vejret-de-naeste-dage\/#primaryimage\"},\"image\":{\"@id\":\"https:\/\/kunmedierne.dk\/mors\/kulturmoedet-saadan-bliver-vejret-de-naeste-dage\/#primaryimage\"},\"thumbnailUrl\":\"https:\/\/kunmedierne.dk\/mors\/wp-content\/uploads\/2023\/08\/KONCERT.jpg\",\"datePublished\":\"2023-08-23T16:45:49+00:00\",\"dateModified\":\"2024-08-12T11:17:40+00:00\",\"breadcrumb\":{\"@id\":\"https:\/\/kunmedierne.dk\/mors\/kulturmoedet-saadan-bliver-vejret-de-naeste-dage\/#breadcrumb\"},\"inLanguage\":\"da-DK\",\"potentialAction\":[{\"@type\":\"ReadAction\",\"target\":[\"https:\/\/kunmedierne.dk\/mors\/kulturmoedet-saadan-bliver-vejret-de-naeste-dage\/\"]}]},{\"@type\":\"ImageObject\",\"inLanguage\":\"da-DK\",\"@id\":\"https:\/\/kunmedierne.dk\/mors\/kulturmoedet-saadan-bliver-vejret-de-naeste-dage\/#primaryimage\",\"url\":\"https:\/\/kunmedierne.dk\/mors\/wp-content\/uploads\/2023\/08\/KONCERT.jpg\",\"contentUrl\":\"https:\/\/kunmedierne.dk\/mors\/wp-content\/uploads\/2023\/08\/KONCERT.jpg\",\"width\":770,\"height\":513,\"caption\":\"Afslutningskoncerterne er et festligt punktum for Kulturm\u00f8det. I \u00e5r kan de foreg\u00e5 med en skyfri himmel over sig. Foto: Per Bille\"},{\"@type\":\"BreadcrumbList\",\"@id\":\"https:\/\/kunmedierne.dk\/mors\/kulturmoedet-saadan-bliver-vejret-de-naeste-dage\/#breadcrumb\",\"itemListElement\":[{\"@type\":\"ListItem\",\"position\":1,\"name\":\"Hjem\",\"item\":\"https:\/\/kunmedierne.dk\/mors\/\"},{\"@type\":\"ListItem\",\"position\":2,\"name\":\"Kulturm\u00f8det: S\u00e5dan bliver vejret de n\u00e6ste dage\"}]},{\"@type\":\"WebSite\",\"@id\":\"https:\/\/kunmedierne.dk\/mors\/#website\",\"url\":\"https:\/\/kunmedierne.dk\/mors\/\",\"name\":\"Mors\",\"description\":\"et netmedie med journalistik om livet p\u00e5 Mors\",\"publisher\":{\"@id\":\"https:\/\/kunmedierne.dk\/mors\/#organization\"},\"potentialAction\":[{\"@type\":\"SearchAction\",\"target\":{\"@type\":\"EntryPoint\",\"urlTemplate\":\"https:\/\/kunmedierne.dk\/mors\/?s={search_term_string}\"},\"query-input\":{\"@type\":\"PropertyValueSpecification\",\"valueRequired\":true,\"valueName\":\"search_term_string\"}}],\"inLanguage\":\"da-DK\"},{\"@type\":\"Organization\",\"@id\":\"https:\/\/kunmedierne.dk\/mors\/#organization\",\"name\":\"Mors\",\"url\":\"https:\/\/kunmedierne.dk\/mors\/\",\"logo\":{\"@type\":\"ImageObject\",\"inLanguage\":\"da-DK\",\"@id\":\"https:\/\/kunmedierne.dk\/mors\/#\/schema\/logo\/image\/\",\"url\":\"https:\/\/kunmedierne.dk\/mors\/wp-content\/uploads\/2024\/08\/kunmors-logo.svg\",\"contentUrl\":\"https:\/\/kunmedierne.dk\/mors\/wp-content\/uploads\/2024\/08\/kunmors-logo.svg\",\"caption\":\"Mors\"},\"image\":{\"@id\":\"https:\/\/kunmedierne.dk\/mors\/#\/schema\/logo\/image\/\"}},{\"@type\":\"Person\",\"@id\":\"https:\/\/kunmedierne.dk\/mors\/#\/schema\/person\/5fe23251bf1d0abbcdc6f7896579d548\",\"name\":\"David H\u00f8jmark\",\"image\":{\"@type\":\"ImageObject\",\"inLanguage\":\"da-DK\",\"@id\":\"https:\/\/kunmedierne.dk\/mors\/#\/schema\/person\/image\/\",\"url\":\"https:\/\/secure.gravatar.com\/avatar\/4315d6fb9ef244d729989f5f90268eb08d5bf8a3d84402f595fa194bb35784fd?s=96&d=mm&r=g\",\"contentUrl\":\"https:\/\/secure.gravatar.com\/avatar\/4315d6fb9ef244d729989f5f90268eb08d5bf8a3d84402f595fa194bb35784fd?s=96&d=mm&r=g\",\"caption\":\"David H\u00f8jmark\"},\"sameAs\":[\"https:\/\/www.kunmedierne.dk\"],\"url\":\"https:\/\/kunmedierne.dk\/mors\/author\/david\/\"}]}<\/script>\n<!-- \/ Yoast SEO plugin. -->","yoast_head_json":{"title":"Kulturm\u00f8det: S\u00e5dan bliver vejret de n\u00e6ste dage - Mors","robots":{"index":"index","follow":"follow","max-snippet":"max-snippet:-1","max-image-preview":"max-image-preview:large","max-video-preview":"max-video-preview:-1"},"canonical":"https:\/\/kunmedierne.dk\/mors\/kulturmoedet-saadan-bliver-vejret-de-naeste-dage\/","og_locale":"da_DK","og_type":"article","og_title":"Kulturm\u00f8det: S\u00e5dan bliver vejret de n\u00e6ste dage - Mors","og_description":"MORS: Vejrguderne ser ud til at holde med Kulturm\u00f8det Mors i \u00e5r. Et kig p\u00e5 vejrudsigten for de kommende dage viser noget n\u00e6r perfekte forhold for at shoppe kultur p\u00e5 udend\u00f8rs g\u00e5ben. Det vil sige: Ikke for varmt, kun behagelig vind og n\u00e6sten ingen regn. S\u00e5vel DMI som TV2 Vejret lover en overskyet torsdag med [&hellip;]","og_url":"https:\/\/kunmedierne.dk\/mors\/kulturmoedet-saadan-bliver-vejret-de-naeste-dage\/","og_site_name":"Mors","article_published_time":"2023-08-23T16:45:49+00:00","article_modified_time":"2024-08-12T11:17:40+00:00","og_image":[{"width":770,"height":513,"url":"https:\/\/kunmedierne.dk\/mors\/wp-content\/uploads\/2023\/08\/KONCERT.jpg","type":"image\/jpeg"}],"author":"David H\u00f8jmark","twitter_card":"summary_large_image","twitter_misc":{"Skrevet af":"David H\u00f8jmark","Estimeret l\u00e6setid":"2 minutter"},"schema":{"@context":"https:\/\/schema.org","@graph":[{"@type":"Article","@id":"https:\/\/kunmedierne.dk\/mors\/kulturmoedet-saadan-bliver-vejret-de-naeste-dage\/#article","isPartOf":{"@id":"https:\/\/kunmedierne.dk\/mors\/kulturmoedet-saadan-bliver-vejret-de-naeste-dage\/"},"author":{"name":"David H\u00f8jmark","@id":"https:\/\/kunmedierne.dk\/mors\/#\/schema\/person\/5fe23251bf1d0abbcdc6f7896579d548"},"headline":"Kulturm\u00f8det: S\u00e5dan bliver vejret de n\u00e6ste dage","datePublished":"2023-08-23T16:45:49+00:00","dateModified":"2024-08-12T11:17:40+00:00","mainEntityOfPage":{"@id":"https:\/\/kunmedierne.dk\/mors\/kulturmoedet-saadan-bliver-vejret-de-naeste-dage\/"},"wordCount":251,"publisher":{"@id":"https:\/\/kunmedierne.dk\/mors\/#organization"},"image":{"@id":"https:\/\/kunmedierne.dk\/mors\/kulturmoedet-saadan-bliver-vejret-de-naeste-dage\/#primaryimage"},"thumbnailUrl":"https:\/\/kunmedierne.dk\/mors\/wp-content\/uploads\/2023\/08\/KONCERT.jpg","keywords":["Kulturm\u00f8det"],"articleSection":["Kultur"],"inLanguage":"da-DK"},{"@type":"WebPage","@id":"https:\/\/kunmedierne.dk\/mors\/kulturmoedet-saadan-bliver-vejret-de-naeste-dage\/","url":"https:\/\/kunmedierne.dk\/mors\/kulturmoedet-saadan-bliver-vejret-de-naeste-dage\/","name":"Kulturm\u00f8det: S\u00e5dan bliver vejret de n\u00e6ste dage - Mors","isPartOf":{"@id":"https:\/\/kunmedierne.dk\/mors\/#website"},"primaryImageOfPage":{"@id":"https:\/\/kunmedierne.dk\/mors\/kulturmoedet-saadan-bliver-vejret-de-naeste-dage\/#primaryimage"},"image":{"@id":"https:\/\/kunmedierne.dk\/mors\/kulturmoedet-saadan-bliver-vejret-de-naeste-dage\/#primaryimage"},"thumbnailUrl":"https:\/\/kunmedierne.dk\/mors\/wp-content\/uploads\/2023\/08\/KONCERT.jpg","datePublished":"2023-08-23T16:45:49+00:00","dateModified":"2024-08-12T11:17:40+00:00","breadcrumb":{"@id":"https:\/\/kunmedierne.dk\/mors\/kulturmoedet-saadan-bliver-vejret-de-naeste-dage\/#breadcrumb"},"inLanguage":"da-DK","potentialAction":[{"@type":"ReadAction","target":["https:\/\/kunmedierne.dk\/mors\/kulturmoedet-saadan-bliver-vejret-de-naeste-dage\/"]}]},{"@type":"ImageObject","inLanguage":"da-DK","@id":"https:\/\/kunmedierne.dk\/mors\/kulturmoedet-saadan-bliver-vejret-de-naeste-dage\/#primaryimage","url":"https:\/\/kunmedierne.dk\/mors\/wp-content\/uploads\/2023\/08\/KONCERT.jpg","contentUrl":"https:\/\/kunmedierne.dk\/mors\/wp-content\/uploads\/2023\/08\/KONCERT.jpg","width":770,"height":513,"caption":"Afslutningskoncerterne er et festligt punktum for Kulturm\u00f8det. I \u00e5r kan de foreg\u00e5 med en skyfri himmel over sig. Foto: Per Bille"},{"@type":"BreadcrumbList","@id":"https:\/\/kunmedierne.dk\/mors\/kulturmoedet-saadan-bliver-vejret-de-naeste-dage\/#breadcrumb","itemListElement":[{"@type":"ListItem","position":1,"name":"Hjem","item":"https:\/\/kunmedierne.dk\/mors\/"},{"@type":"ListItem","position":2,"name":"Kulturm\u00f8det: S\u00e5dan bliver vejret de n\u00e6ste dage"}]},{"@type":"WebSite","@id":"https:\/\/kunmedierne.dk\/mors\/#website","url":"https:\/\/kunmedierne.dk\/mors\/","name":"Mors","description":"et netmedie med journalistik om livet p\u00e5 Mors","publisher":{"@id":"https:\/\/kunmedierne.dk\/mors\/#organization"},"potentialAction":[{"@type":"SearchAction","target":{"@type":"EntryPoint","urlTemplate":"https:\/\/kunmedierne.dk\/mors\/?s={search_term_string}"},"query-input":{"@type":"PropertyValueSpecification","valueRequired":true,"valueName":"search_term_string"}}],"inLanguage":"da-DK"},{"@type":"Organization","@id":"https:\/\/kunmedierne.dk\/mors\/#organization","name":"Mors","url":"https:\/\/kunmedierne.dk\/mors\/","logo":{"@type":"ImageObject","inLanguage":"da-DK","@id":"https:\/\/kunmedierne.dk\/mors\/#\/schema\/logo\/image\/","url":"https:\/\/kunmedierne.dk\/mors\/wp-content\/uploads\/2024\/08\/kunmors-logo.svg","contentUrl":"https:\/\/kunmedierne.dk\/mors\/wp-content\/uploads\/2024\/08\/kunmors-logo.svg","caption":"Mors"},"image":{"@id":"https:\/\/kunmedierne.dk\/mors\/#\/schema\/logo\/image\/"}},{"@type":"Person","@id":"https:\/\/kunmedierne.dk\/mors\/#\/schema\/person\/5fe23251bf1d0abbcdc6f7896579d548","name":"David H\u00f8jmark","image":{"@type":"ImageObject","inLanguage":"da-DK","@id":"https:\/\/kunmedierne.dk\/mors\/#\/schema\/person\/image\/","url":"https:\/\/secure.gravatar.com\/avatar\/4315d6fb9ef244d729989f5f90268eb08d5bf8a3d84402f595fa194bb35784fd?s=96&d=mm&r=g","contentUrl":"https:\/\/secure.gravatar.com\/avatar\/4315d6fb9ef244d729989f5f90268eb08d5bf8a3d84402f595fa194bb35784fd?s=96&d=mm&r=g","caption":"David H\u00f8jmark"},"sameAs":["https:\/\/www.kunmedierne.dk"],"url":"https:\/\/kunmedierne.dk\/mors\/author\/david\/"}]}},"_links":{"self":[{"href":"https:\/\/kunmedierne.dk\/mors\/wp-json\/wp\/v2\/posts\/100382","targetHints":{"allow":["GET"]}}],"collection":[{"href":"https:\/\/kunmedierne.dk\/mors\/wp-json\/wp\/v2\/posts"}],"about":[{"href":"https:\/\/kunmedierne.dk\/mors\/wp-json\/wp\/v2\/types\/post"}],"author":[{"embeddable":true,"href":"https:\/\/kunmedierne.dk\/mors\/wp-json\/wp\/v2\/users\/8"}],"replies":[{"embeddable":true,"href":"https:\/\/kunmedierne.dk\/mors\/wp-json\/wp\/v2\/comments?post=100382"}],"version-history":[{"count":2,"href":"https:\/\/kunmedierne.dk\/mors\/wp-json\/wp\/v2\/posts\/100382\/revisions"}],"predecessor-version":[{"id":100385,"href":"https:\/\/kunmedierne.dk\/mors\/wp-json\/wp\/v2\/posts\/100382\/revisions\/100385"}],"wp:featuredmedia":[{"embeddable":true,"href":"https:\/\/kunmedierne.dk\/mors\/wp-json\/wp\/v2\/media\/100383"}],"wp:attachment":[{"href":"https:\/\/kunmedierne.dk\/mors\/wp-json\/wp\/v2\/media?parent=100382"}],"wp:term":[{"taxonomy":"category","embeddable":true,"href":"https:\/\/kunmedierne.dk\/mors\/wp-json\/wp\/v2\/categories?post=100382"},{"taxonomy":"post_tag","embeddable":true,"href":"https:\/\/kunmedierne.dk\/mors\/wp-json\/wp\/v2\/tags?post=100382"}],"curies":[{"name":"wp","href":"https:\/\/api.w.org\/{rel}","templated":true}]}}