{"id":100264,"date":"2023-08-21T22:46:13","date_gmt":"2023-08-21T20:46:13","guid":{"rendered":"https:\/\/kunmedierne.dk\/mors\/?p=100264"},"modified":"2024-08-12T13:17:41","modified_gmt":"2024-08-12T11:17:41","slug":"stoerste-ungeomraade-paa-kulturmoedet-nogensinde","status":"publish","type":"post","link":"https:\/\/kunmedierne.dk\/mors\/stoerste-ungeomraade-paa-kulturmoedet-nogensinde\/","title":{"rendered":"St\u00f8rste ungeomr\u00e5de p\u00e5 Kulturm\u00f8det nogensinde"},"content":{"rendered":"<p><strong>MORS<\/strong>: Kulturm\u00f8det 2023 er nu lige om hj\u00f8rnet, og den unge del af den \u00e5rlige k\u00e6mpeevent melder sig fuldst\u00e6ndig klar.<\/p>\n<p>Campingpladsen ved fjorden er udsolgt, og et program sp\u00e6kket med indhold er klar til at sat i gang. Og i styregruppen for Ung Kult melder man sig ved at eksplodere af sp\u00e6nding.<\/p>\n<a class=\"dvrt-link\" onClick=\"cdmtrack_click(147315,jQuery(this));return false\" href=\"https:\/\/sdrhaa.dk\/\"><img decoding=\"async\" style=\"width:100%;\" src=\"https:\/\/kunmedierne.dk\/mors\/wp-content\/uploads\/2025\/05\/260302Sdr-HaaDin-gebyrvenlige-sparekasse_mors-002.gif\"><\/a><script>cdmtrack_view(147315);<\/script>\n<p>&#8211; Vores forening runder snart 500 medlemmer, vi har st\u00f8rre opbakning end nogensinde f\u00f8r, de store kulturorganisationer kigger vores vej, og vi har det ikke mindst super sjovt, lyder det fra Mia Carlsen, bestyrelsesleder i Ung Kult.<\/p>\n<p>&#8211; Det er en forn\u00f8jelse at st\u00e5 i spidsen for Ung Kult &#8211; og lidt ekstra her i slutningen af august, tilf\u00f8jer hun.<\/p>\n<p>&nbsp;<\/p>\n<p><strong>Rammer bredt og rummer alle<\/strong><\/p>\n<p>Som KunMors fortalte i juli, gav Netselskabet Elv\u00e6rks arbejde med en ny transformatorstation <a href=\"https:\/\/kunmedierne.dk\/mors\/ung-kult-camp-blev-forskraekket-over-byggerod-op-til-kulturmoedet\/\">en forskr\u00e6kkelse<\/a> til folkene bag Ung Kult. Allerede meldte projektleder og stifter Malte Houe dog om ro p\u00e5 situationen.<\/p>\n<a class=\"dvrt-link\" onClick=\"cdmtrack_click(104779,jQuery(this));return false\" href=\"https:\/\/morsoe-begravelsesforretning.dk\/\"><img decoding=\"async\" style=\"width:100%;\" src=\"https:\/\/kunmedierne.dk\/mors\/wp-content\/uploads\/2023\/11\/251215-morsoe-begravelsesforretning.jpg\"><\/a><script>cdmtrack_view(104779);<\/script>\n<p>Og nu gl\u00e6der han sig til at se Ung Kult Camp folde sig ud p\u00e5 det, Ung Kult selv kalder for det st\u00f8rste ungeomr\u00e5de p\u00e5 Kulturm\u00f8det nogensinde.<\/p>\n<p>&#8211; Planen for i \u00e5r har v\u00e6ret at lave et program der rammer bredt, der rummer alle og som har fokus p\u00e5 de mest aktuelle sp\u00f8rgsm\u00e5l i kulturen. Derudover har det handlet om at skabe den vildeste fest her p\u00e5 fantastiske Mors, og \u00f8llen smager bare lidt bedre, n\u00e5r den nydes i et omr\u00e5de skabt 100 procent ung til ung af frivillige fra Mors, men ogs\u00e5 fra resten af landet, siger han og beskriver resultatet som &#8220;vildt&#8221;.<\/p>\n<p class=\"v1gmail-p3\">Ung Kult \u00e5bner p\u00e5 torsdag med Clement Kj\u00e6rsgaard p\u00e5 scenen og afslutter med koncerter l\u00f8rdag aften.<\/p>\n<p class=\"v1gmail-p3\">Du kan se det fulde program <a href=\"https:\/\/www.facebook.com\/events\/599125272152372\/?acontext=%7B%22ref%22%3A%2252%22%2C%22action_history%22%3A%22[%7B%5C%22surface%5C%22%3A%5C%22share_link%5C%22%2C%5C%22mechanism%5C%22%3A%5C%22share_link%5C%22%2C%5C%22extra_data%5C%22%3A%7B%5C%22invite_link_id%5C%22%3A546549370965857%7D%7D]%22%7D\">her<\/a>.<\/p>\n","protected":false},"excerpt":{"rendered":"<p>MORS: Kulturm\u00f8det 2023 er nu lige om hj\u00f8rnet, og den unge del af den \u00e5rlige k\u00e6mpeevent melder sig fuldst\u00e6ndig klar. Campingpladsen ved fjorden er udsolgt, og et program sp\u00e6kket med indhold er klar til at sat i gang. Og i styregruppen for Ung Kult melder man sig ved at eksplodere af sp\u00e6nding. &#8211; Vores forening [&hellip;]<\/p>\n","protected":false},"author":8,"featured_media":94982,"comment_status":"closed","ping_status":"open","sticky":false,"template":"","format":"standard","meta":{"_acf_changed":false,"footnotes":""},"categories":[49],"tags":[162],"class_list":["post-100264","post","type-post","status-publish","format-standard","has-post-thumbnail","hentry","category-kultur","tag-kulturmoedet"],"acf":[],"yoast_head":"<!-- This site is optimized with the Yoast SEO plugin v26.8 - https:\/\/yoast.com\/product\/yoast-seo-wordpress\/ -->\n<title>St\u00f8rste ungeomr\u00e5de p\u00e5 Kulturm\u00f8det nogensinde - Mors<\/title>\n<meta name=\"robots\" content=\"index, follow, max-snippet:-1, max-image-preview:large, max-video-preview:-1\" \/>\n<link rel=\"canonical\" href=\"https:\/\/kunmedierne.dk\/mors\/stoerste-ungeomraade-paa-kulturmoedet-nogensinde\/\" \/>\n<meta property=\"og:locale\" content=\"da_DK\" \/>\n<meta property=\"og:type\" content=\"article\" \/>\n<meta property=\"og:title\" content=\"St\u00f8rste ungeomr\u00e5de p\u00e5 Kulturm\u00f8det nogensinde - Mors\" \/>\n<meta property=\"og:description\" content=\"MORS: Kulturm\u00f8det 2023 er nu lige om hj\u00f8rnet, og den unge del af den \u00e5rlige k\u00e6mpeevent melder sig fuldst\u00e6ndig klar. Campingpladsen ved fjorden er udsolgt, og et program sp\u00e6kket med indhold er klar til at sat i gang. Og i styregruppen for Ung Kult melder man sig ved at eksplodere af sp\u00e6nding. &#8211; Vores forening [&hellip;]\" \/>\n<meta property=\"og:url\" content=\"https:\/\/kunmedierne.dk\/mors\/stoerste-ungeomraade-paa-kulturmoedet-nogensinde\/\" \/>\n<meta property=\"og:site_name\" content=\"Mors\" \/>\n<meta property=\"article:published_time\" content=\"2023-08-21T20:46:13+00:00\" \/>\n<meta property=\"article:modified_time\" content=\"2024-08-12T11:17:41+00:00\" \/>\n<meta property=\"og:image\" content=\"https:\/\/kunmedierne.dk\/mors\/wp-content\/uploads\/2023\/05\/print-Fotograf_Per_Bille-20220826DSA02295-scaled.jpg\" \/>\n\t<meta property=\"og:image:width\" content=\"2560\" \/>\n\t<meta property=\"og:image:height\" content=\"1708\" \/>\n\t<meta property=\"og:image:type\" content=\"image\/jpeg\" \/>\n<meta name=\"author\" content=\"David H\u00f8jmark\" \/>\n<meta name=\"twitter:card\" content=\"summary_large_image\" \/>\n<meta name=\"twitter:label1\" content=\"Skrevet af\" \/>\n\t<meta name=\"twitter:data1\" content=\"David H\u00f8jmark\" \/>\n\t<meta name=\"twitter:label2\" content=\"Estimeret l\u00e6setid\" \/>\n\t<meta name=\"twitter:data2\" content=\"2 minutter\" \/>\n<script type=\"application\/ld+json\" class=\"yoast-schema-graph\">{\"@context\":\"https:\/\/schema.org\",\"@graph\":[{\"@type\":\"Article\",\"@id\":\"https:\/\/kunmedierne.dk\/mors\/stoerste-ungeomraade-paa-kulturmoedet-nogensinde\/#article\",\"isPartOf\":{\"@id\":\"https:\/\/kunmedierne.dk\/mors\/stoerste-ungeomraade-paa-kulturmoedet-nogensinde\/\"},\"author\":{\"name\":\"David H\u00f8jmark\",\"@id\":\"https:\/\/kunmedierne.dk\/mors\/#\/schema\/person\/5fe23251bf1d0abbcdc6f7896579d548\"},\"headline\":\"St\u00f8rste ungeomr\u00e5de p\u00e5 Kulturm\u00f8det nogensinde\",\"datePublished\":\"2023-08-21T20:46:13+00:00\",\"dateModified\":\"2024-08-12T11:17:41+00:00\",\"mainEntityOfPage\":{\"@id\":\"https:\/\/kunmedierne.dk\/mors\/stoerste-ungeomraade-paa-kulturmoedet-nogensinde\/\"},\"wordCount\":309,\"publisher\":{\"@id\":\"https:\/\/kunmedierne.dk\/mors\/#organization\"},\"image\":{\"@id\":\"https:\/\/kunmedierne.dk\/mors\/stoerste-ungeomraade-paa-kulturmoedet-nogensinde\/#primaryimage\"},\"thumbnailUrl\":\"https:\/\/kunmedierne.dk\/mors\/wp-content\/uploads\/2023\/05\/print-Fotograf_Per_Bille-20220826DSA02295-scaled.jpg\",\"keywords\":[\"Kulturm\u00f8det\"],\"articleSection\":[\"Kultur\"],\"inLanguage\":\"da-DK\"},{\"@type\":\"WebPage\",\"@id\":\"https:\/\/kunmedierne.dk\/mors\/stoerste-ungeomraade-paa-kulturmoedet-nogensinde\/\",\"url\":\"https:\/\/kunmedierne.dk\/mors\/stoerste-ungeomraade-paa-kulturmoedet-nogensinde\/\",\"name\":\"St\u00f8rste ungeomr\u00e5de p\u00e5 Kulturm\u00f8det nogensinde - Mors\",\"isPartOf\":{\"@id\":\"https:\/\/kunmedierne.dk\/mors\/#website\"},\"primaryImageOfPage\":{\"@id\":\"https:\/\/kunmedierne.dk\/mors\/stoerste-ungeomraade-paa-kulturmoedet-nogensinde\/#primaryimage\"},\"image\":{\"@id\":\"https:\/\/kunmedierne.dk\/mors\/stoerste-ungeomraade-paa-kulturmoedet-nogensinde\/#primaryimage\"},\"thumbnailUrl\":\"https:\/\/kunmedierne.dk\/mors\/wp-content\/uploads\/2023\/05\/print-Fotograf_Per_Bille-20220826DSA02295-scaled.jpg\",\"datePublished\":\"2023-08-21T20:46:13+00:00\",\"dateModified\":\"2024-08-12T11:17:41+00:00\",\"breadcrumb\":{\"@id\":\"https:\/\/kunmedierne.dk\/mors\/stoerste-ungeomraade-paa-kulturmoedet-nogensinde\/#breadcrumb\"},\"inLanguage\":\"da-DK\",\"potentialAction\":[{\"@type\":\"ReadAction\",\"target\":[\"https:\/\/kunmedierne.dk\/mors\/stoerste-ungeomraade-paa-kulturmoedet-nogensinde\/\"]}]},{\"@type\":\"ImageObject\",\"inLanguage\":\"da-DK\",\"@id\":\"https:\/\/kunmedierne.dk\/mors\/stoerste-ungeomraade-paa-kulturmoedet-nogensinde\/#primaryimage\",\"url\":\"https:\/\/kunmedierne.dk\/mors\/wp-content\/uploads\/2023\/05\/print-Fotograf_Per_Bille-20220826DSA02295-scaled.jpg\",\"contentUrl\":\"https:\/\/kunmedierne.dk\/mors\/wp-content\/uploads\/2023\/05\/print-Fotograf_Per_Bille-20220826DSA02295-scaled.jpg\",\"width\":2560,\"height\":1708,\"caption\":\"Ung Kult Bar pavillonen, Kulturm\u00f8det (2022) Fotograf: Per Bille\"},{\"@type\":\"BreadcrumbList\",\"@id\":\"https:\/\/kunmedierne.dk\/mors\/stoerste-ungeomraade-paa-kulturmoedet-nogensinde\/#breadcrumb\",\"itemListElement\":[{\"@type\":\"ListItem\",\"position\":1,\"name\":\"Hjem\",\"item\":\"https:\/\/kunmedierne.dk\/mors\/\"},{\"@type\":\"ListItem\",\"position\":2,\"name\":\"St\u00f8rste ungeomr\u00e5de p\u00e5 Kulturm\u00f8det nogensinde\"}]},{\"@type\":\"WebSite\",\"@id\":\"https:\/\/kunmedierne.dk\/mors\/#website\",\"url\":\"https:\/\/kunmedierne.dk\/mors\/\",\"name\":\"Mors\",\"description\":\"et netmedie med journalistik om livet p\u00e5 Mors\",\"publisher\":{\"@id\":\"https:\/\/kunmedierne.dk\/mors\/#organization\"},\"potentialAction\":[{\"@type\":\"SearchAction\",\"target\":{\"@type\":\"EntryPoint\",\"urlTemplate\":\"https:\/\/kunmedierne.dk\/mors\/?s={search_term_string}\"},\"query-input\":{\"@type\":\"PropertyValueSpecification\",\"valueRequired\":true,\"valueName\":\"search_term_string\"}}],\"inLanguage\":\"da-DK\"},{\"@type\":\"Organization\",\"@id\":\"https:\/\/kunmedierne.dk\/mors\/#organization\",\"name\":\"Mors\",\"url\":\"https:\/\/kunmedierne.dk\/mors\/\",\"logo\":{\"@type\":\"ImageObject\",\"inLanguage\":\"da-DK\",\"@id\":\"https:\/\/kunmedierne.dk\/mors\/#\/schema\/logo\/image\/\",\"url\":\"https:\/\/kunmedierne.dk\/mors\/wp-content\/uploads\/2024\/08\/kunmors-logo.svg\",\"contentUrl\":\"https:\/\/kunmedierne.dk\/mors\/wp-content\/uploads\/2024\/08\/kunmors-logo.svg\",\"caption\":\"Mors\"},\"image\":{\"@id\":\"https:\/\/kunmedierne.dk\/mors\/#\/schema\/logo\/image\/\"}},{\"@type\":\"Person\",\"@id\":\"https:\/\/kunmedierne.dk\/mors\/#\/schema\/person\/5fe23251bf1d0abbcdc6f7896579d548\",\"name\":\"David H\u00f8jmark\",\"image\":{\"@type\":\"ImageObject\",\"inLanguage\":\"da-DK\",\"@id\":\"https:\/\/kunmedierne.dk\/mors\/#\/schema\/person\/image\/\",\"url\":\"https:\/\/secure.gravatar.com\/avatar\/4315d6fb9ef244d729989f5f90268eb08d5bf8a3d84402f595fa194bb35784fd?s=96&d=mm&r=g\",\"contentUrl\":\"https:\/\/secure.gravatar.com\/avatar\/4315d6fb9ef244d729989f5f90268eb08d5bf8a3d84402f595fa194bb35784fd?s=96&d=mm&r=g\",\"caption\":\"David H\u00f8jmark\"},\"sameAs\":[\"https:\/\/www.kunmedierne.dk\"],\"url\":\"https:\/\/kunmedierne.dk\/mors\/author\/david\/\"}]}<\/script>\n<!-- \/ Yoast SEO plugin. -->","yoast_head_json":{"title":"St\u00f8rste ungeomr\u00e5de p\u00e5 Kulturm\u00f8det nogensinde - Mors","robots":{"index":"index","follow":"follow","max-snippet":"max-snippet:-1","max-image-preview":"max-image-preview:large","max-video-preview":"max-video-preview:-1"},"canonical":"https:\/\/kunmedierne.dk\/mors\/stoerste-ungeomraade-paa-kulturmoedet-nogensinde\/","og_locale":"da_DK","og_type":"article","og_title":"St\u00f8rste ungeomr\u00e5de p\u00e5 Kulturm\u00f8det nogensinde - Mors","og_description":"MORS: Kulturm\u00f8det 2023 er nu lige om hj\u00f8rnet, og den unge del af den \u00e5rlige k\u00e6mpeevent melder sig fuldst\u00e6ndig klar. Campingpladsen ved fjorden er udsolgt, og et program sp\u00e6kket med indhold er klar til at sat i gang. Og i styregruppen for Ung Kult melder man sig ved at eksplodere af sp\u00e6nding. &#8211; Vores forening [&hellip;]","og_url":"https:\/\/kunmedierne.dk\/mors\/stoerste-ungeomraade-paa-kulturmoedet-nogensinde\/","og_site_name":"Mors","article_published_time":"2023-08-21T20:46:13+00:00","article_modified_time":"2024-08-12T11:17:41+00:00","og_image":[{"width":2560,"height":1708,"url":"https:\/\/kunmedierne.dk\/mors\/wp-content\/uploads\/2023\/05\/print-Fotograf_Per_Bille-20220826DSA02295-scaled.jpg","type":"image\/jpeg"}],"author":"David H\u00f8jmark","twitter_card":"summary_large_image","twitter_misc":{"Skrevet af":"David H\u00f8jmark","Estimeret l\u00e6setid":"2 minutter"},"schema":{"@context":"https:\/\/schema.org","@graph":[{"@type":"Article","@id":"https:\/\/kunmedierne.dk\/mors\/stoerste-ungeomraade-paa-kulturmoedet-nogensinde\/#article","isPartOf":{"@id":"https:\/\/kunmedierne.dk\/mors\/stoerste-ungeomraade-paa-kulturmoedet-nogensinde\/"},"author":{"name":"David H\u00f8jmark","@id":"https:\/\/kunmedierne.dk\/mors\/#\/schema\/person\/5fe23251bf1d0abbcdc6f7896579d548"},"headline":"St\u00f8rste ungeomr\u00e5de p\u00e5 Kulturm\u00f8det nogensinde","datePublished":"2023-08-21T20:46:13+00:00","dateModified":"2024-08-12T11:17:41+00:00","mainEntityOfPage":{"@id":"https:\/\/kunmedierne.dk\/mors\/stoerste-ungeomraade-paa-kulturmoedet-nogensinde\/"},"wordCount":309,"publisher":{"@id":"https:\/\/kunmedierne.dk\/mors\/#organization"},"image":{"@id":"https:\/\/kunmedierne.dk\/mors\/stoerste-ungeomraade-paa-kulturmoedet-nogensinde\/#primaryimage"},"thumbnailUrl":"https:\/\/kunmedierne.dk\/mors\/wp-content\/uploads\/2023\/05\/print-Fotograf_Per_Bille-20220826DSA02295-scaled.jpg","keywords":["Kulturm\u00f8det"],"articleSection":["Kultur"],"inLanguage":"da-DK"},{"@type":"WebPage","@id":"https:\/\/kunmedierne.dk\/mors\/stoerste-ungeomraade-paa-kulturmoedet-nogensinde\/","url":"https:\/\/kunmedierne.dk\/mors\/stoerste-ungeomraade-paa-kulturmoedet-nogensinde\/","name":"St\u00f8rste ungeomr\u00e5de p\u00e5 Kulturm\u00f8det nogensinde - Mors","isPartOf":{"@id":"https:\/\/kunmedierne.dk\/mors\/#website"},"primaryImageOfPage":{"@id":"https:\/\/kunmedierne.dk\/mors\/stoerste-ungeomraade-paa-kulturmoedet-nogensinde\/#primaryimage"},"image":{"@id":"https:\/\/kunmedierne.dk\/mors\/stoerste-ungeomraade-paa-kulturmoedet-nogensinde\/#primaryimage"},"thumbnailUrl":"https:\/\/kunmedierne.dk\/mors\/wp-content\/uploads\/2023\/05\/print-Fotograf_Per_Bille-20220826DSA02295-scaled.jpg","datePublished":"2023-08-21T20:46:13+00:00","dateModified":"2024-08-12T11:17:41+00:00","breadcrumb":{"@id":"https:\/\/kunmedierne.dk\/mors\/stoerste-ungeomraade-paa-kulturmoedet-nogensinde\/#breadcrumb"},"inLanguage":"da-DK","potentialAction":[{"@type":"ReadAction","target":["https:\/\/kunmedierne.dk\/mors\/stoerste-ungeomraade-paa-kulturmoedet-nogensinde\/"]}]},{"@type":"ImageObject","inLanguage":"da-DK","@id":"https:\/\/kunmedierne.dk\/mors\/stoerste-ungeomraade-paa-kulturmoedet-nogensinde\/#primaryimage","url":"https:\/\/kunmedierne.dk\/mors\/wp-content\/uploads\/2023\/05\/print-Fotograf_Per_Bille-20220826DSA02295-scaled.jpg","contentUrl":"https:\/\/kunmedierne.dk\/mors\/wp-content\/uploads\/2023\/05\/print-Fotograf_Per_Bille-20220826DSA02295-scaled.jpg","width":2560,"height":1708,"caption":"Ung Kult Bar pavillonen, Kulturm\u00f8det (2022) Fotograf: Per Bille"},{"@type":"BreadcrumbList","@id":"https:\/\/kunmedierne.dk\/mors\/stoerste-ungeomraade-paa-kulturmoedet-nogensinde\/#breadcrumb","itemListElement":[{"@type":"ListItem","position":1,"name":"Hjem","item":"https:\/\/kunmedierne.dk\/mors\/"},{"@type":"ListItem","position":2,"name":"St\u00f8rste ungeomr\u00e5de p\u00e5 Kulturm\u00f8det nogensinde"}]},{"@type":"WebSite","@id":"https:\/\/kunmedierne.dk\/mors\/#website","url":"https:\/\/kunmedierne.dk\/mors\/","name":"Mors","description":"et netmedie med journalistik om livet p\u00e5 Mors","publisher":{"@id":"https:\/\/kunmedierne.dk\/mors\/#organization"},"potentialAction":[{"@type":"SearchAction","target":{"@type":"EntryPoint","urlTemplate":"https:\/\/kunmedierne.dk\/mors\/?s={search_term_string}"},"query-input":{"@type":"PropertyValueSpecification","valueRequired":true,"valueName":"search_term_string"}}],"inLanguage":"da-DK"},{"@type":"Organization","@id":"https:\/\/kunmedierne.dk\/mors\/#organization","name":"Mors","url":"https:\/\/kunmedierne.dk\/mors\/","logo":{"@type":"ImageObject","inLanguage":"da-DK","@id":"https:\/\/kunmedierne.dk\/mors\/#\/schema\/logo\/image\/","url":"https:\/\/kunmedierne.dk\/mors\/wp-content\/uploads\/2024\/08\/kunmors-logo.svg","contentUrl":"https:\/\/kunmedierne.dk\/mors\/wp-content\/uploads\/2024\/08\/kunmors-logo.svg","caption":"Mors"},"image":{"@id":"https:\/\/kunmedierne.dk\/mors\/#\/schema\/logo\/image\/"}},{"@type":"Person","@id":"https:\/\/kunmedierne.dk\/mors\/#\/schema\/person\/5fe23251bf1d0abbcdc6f7896579d548","name":"David H\u00f8jmark","image":{"@type":"ImageObject","inLanguage":"da-DK","@id":"https:\/\/kunmedierne.dk\/mors\/#\/schema\/person\/image\/","url":"https:\/\/secure.gravatar.com\/avatar\/4315d6fb9ef244d729989f5f90268eb08d5bf8a3d84402f595fa194bb35784fd?s=96&d=mm&r=g","contentUrl":"https:\/\/secure.gravatar.com\/avatar\/4315d6fb9ef244d729989f5f90268eb08d5bf8a3d84402f595fa194bb35784fd?s=96&d=mm&r=g","caption":"David H\u00f8jmark"},"sameAs":["https:\/\/www.kunmedierne.dk"],"url":"https:\/\/kunmedierne.dk\/mors\/author\/david\/"}]}},"_links":{"self":[{"href":"https:\/\/kunmedierne.dk\/mors\/wp-json\/wp\/v2\/posts\/100264","targetHints":{"allow":["GET"]}}],"collection":[{"href":"https:\/\/kunmedierne.dk\/mors\/wp-json\/wp\/v2\/posts"}],"about":[{"href":"https:\/\/kunmedierne.dk\/mors\/wp-json\/wp\/v2\/types\/post"}],"author":[{"embeddable":true,"href":"https:\/\/kunmedierne.dk\/mors\/wp-json\/wp\/v2\/users\/8"}],"replies":[{"embeddable":true,"href":"https:\/\/kunmedierne.dk\/mors\/wp-json\/wp\/v2\/comments?post=100264"}],"version-history":[{"count":3,"href":"https:\/\/kunmedierne.dk\/mors\/wp-json\/wp\/v2\/posts\/100264\/revisions"}],"predecessor-version":[{"id":100267,"href":"https:\/\/kunmedierne.dk\/mors\/wp-json\/wp\/v2\/posts\/100264\/revisions\/100267"}],"wp:featuredmedia":[{"embeddable":true,"href":"https:\/\/kunmedierne.dk\/mors\/wp-json\/wp\/v2\/media\/94982"}],"wp:attachment":[{"href":"https:\/\/kunmedierne.dk\/mors\/wp-json\/wp\/v2\/media?parent=100264"}],"wp:term":[{"taxonomy":"category","embeddable":true,"href":"https:\/\/kunmedierne.dk\/mors\/wp-json\/wp\/v2\/categories?post=100264"},{"taxonomy":"post_tag","embeddable":true,"href":"https:\/\/kunmedierne.dk\/mors\/wp-json\/wp\/v2\/tags?post=100264"}],"curies":[{"name":"wp","href":"https:\/\/api.w.org\/{rel}","templated":true}]}}