{"id":100139,"date":"2023-08-20T16:10:32","date_gmt":"2023-08-20T14:10:32","guid":{"rendered":"https:\/\/kunmedierne.dk\/mors\/?p=100139"},"modified":"2024-08-12T13:17:41","modified_gmt":"2024-08-12T11:17:41","slug":"formand-for-regional-madkultur-thy-mors-efterlyser-mere-inddragelse-fra-kulturmoedet","status":"publish","type":"post","link":"https:\/\/kunmedierne.dk\/mors\/formand-for-regional-madkultur-thy-mors-efterlyser-mere-inddragelse-fra-kulturmoedet\/","title":{"rendered":"Formand for Regional Madkultur Thy-Mors efterlyser mere inddragelse fra Kulturm\u00f8det"},"content":{"rendered":"<p><b>KULTURM\u00d8DET<\/b>: Et af h\u00f8jdepunkterne under Kulturm\u00f8det Mors 2023 f\u00e5r ikke lige stor applaus fra alle sider &#8211; i hvert fald ikke for processen under fasen med planl\u00e6gning.<\/p>\n<p>P\u00e5 fredag fra klokken 13.30 og to timer frem vil et 200 meter langt frokostbord pr\u00e6ge g\u00e5gaden i Nyk\u00f8bing. Med plads til 400 spisende vil det tilbyde lokale r\u00e5varer i topkvalitet og rum til samtaler p\u00e5 tv\u00e6rs af generationer.<\/p>\n<p>Men man risikerer samtidig, at det bremser oms\u00e6tning for lokale restaurat\u00f8rer og butikker med f\u00f8devarer, lyder det fra Anette Jensen, formand for Regional Madkultur Thy-Mors.<\/p>\n<a class=\"dvrt-link\" onClick=\"cdmtrack_click(104780,jQuery(this));return false\" href=\"https:\/\/www.spard.dk\/\"><img decoding=\"async\" style=\"width:100%;\" src=\"https:\/\/kunmedierne.dk\/mors\/wp-content\/uploads\/2023\/12\/sparekassen-dk-maj25.gif\"><\/a><script>cdmtrack_view(104780);<\/script>\n<p>&#8211; Det er klart, at hvis man er restaurat\u00f8r eller har en forretning i g\u00e5gaden, er det et indgreb i ens muligheder, n\u00e5r der er et langbordsarrangement i to timer. Det kan reducere oms\u00e6tningen, siger hun og uddyber ud fra m\u00e5lgruppens perspektiv:<\/p>\n<p>&#8211; N\u00e5r man har brugt 250 kroner p\u00e5 en kuvert, skal man ikke ind og spise frokost eller k\u00f8be vin i g\u00e5gaden p\u00e5 samme tidspunkt.<\/p>\n<p>&nbsp;<\/p>\n<p><b>Alle skal med &#8211; og tidligere\u00a0<\/b><\/p>\n<p>F\u00f8rst og fremmest g\u00e5r Anette Jensens l\u00f8ftede pegefinger om langbordet dog p\u00e5 processen op til den pressemeddelelse, der <a href=\"https:\/\/kunmedierne.dk\/mors\/kulturmoedet-saetter-200-meter-langt-frokostbord-op-i-gaagaden\/\">i begyndelsen af juli<\/a> pr\u00e6senterede det nye tiltag.<\/p>\n<p>Hun understreger, at hun ser langbordet som en fantastisk id\u00e9, og at hun gerne ser den gentaget n\u00e6ste \u00e5r. Hun er ogs\u00e5 meget tilfreds med, hvor meget Kulturm\u00f8det har inddraget lokale og regionale parter.<\/p>\n<p>Hun havde bare gerne set, at det var sket tidligere.<\/p>\n<p>&#8211; Det er vigtigt, at man tager alle omkring g\u00e5gaden med. Og hele \u00f8en og Thy for den sags skyld. Og at man sp\u00f8rger, om de kan levere noget til langbordsmiddagen, siger hun med tilf\u00f8jelsen, at hun ogs\u00e5 har forst\u00e5else for, at der m\u00e5ske ikke har v\u00e6ret tid til det.<\/p>\n<p>&#8211; Der kan v\u00e6re mange grunde til, at man ikke har haft mulighed for det, og det bliver man sikkert klogere p\u00e5, hvis der bliver en anden gang, siger hun.<\/p>\n<a class=\"dvrt-link\" onClick=\"cdmtrack_click(104779,jQuery(this));return false\" href=\"https:\/\/morsoe-begravelsesforretning.dk\/\"><img decoding=\"async\" style=\"width:100%;\" src=\"https:\/\/kunmedierne.dk\/mors\/wp-content\/uploads\/2023\/11\/251215-morsoe-begravelsesforretning.jpg\"><\/a><script>cdmtrack_view(104779);<\/script>\n<p>Hun fort\u00e6ller i \u00f8vrigt, at hun har gjort Kulturm\u00f8det Mors opm\u00e6rksom p\u00e5 sine synspunkter, og at de s\u00e5ledes ikke er ny viden for arrang\u00f8rerne. Og hun h\u00e5ber, at der bliver lyttet til indvendingen om tidligere involvering.<\/p>\n<p>&#8211; Jeg h\u00e5ber, at der bliver en langbordsmiddag igen til n\u00e6ste \u00e5r. Og jeg har foresl\u00e5et dem, at de inviterer parterne i projektet, s\u00e5 man kan bidrage meget tidligere, siger hun.<\/p>\n<p>&nbsp;<\/p>\n<p><b>Flere \u00e5rsager til langbordet<\/b><\/p>\n<p>KunMors har pr\u00e6senteret Trine Bang, direkt\u00f8r for Kulturm\u00f8det Mors, for Anette Jensens \u00f8nske om tidligere involvering. Hun forklarer, at nyskabelsen med langbordet er et udtryk for \u00f8nsket om at fejre Kulturm\u00f8dets 10 \u00e5rs jubil\u00e6um.<\/p>\n<p>Men to andre grunde vejer mindst lige s\u00e5 tungt:<\/p>\n<p>&#8211; Det har v\u00e6ret en k\u00e6mpe ambition at lave noget folkeligt, og der er ikke noget mere folkeligt end at sidde til bords og samtale med hinanden p\u00e5 tv\u00e6rs af generationer, siger hun og fremh\u00e6ver blandt andet de unges involvering i konceptet.<\/p>\n<p>Det g\u00e6lder ikke mindst deltagelsen af studerende fra Nordic Food College.<\/p>\n<p>&#8211; De skal ud og pr\u00f8ve at st\u00e5 med rank ryg og servering, n\u00e5r kulturministeren sidder med til bords. Jeg synes, det er helt fantastisk, at vi p\u00e5 Mors har s\u00e5dan en skole. Og at vi har s\u00e5 mange lokale steder, vi kan f\u00e5 r\u00e5varer fra. 95 procent af langbordet er jo serveret med lokale r\u00e5varer, siger hun.<\/p>\n<a class=\"dvrt-link\" onClick=\"cdmtrack_click(104783,jQuery(this));return false\" href=\"https:\/\/konpap.dk\/\"><img decoding=\"async\" style=\"width:100%;\" src=\"https:\/\/kunmedierne.dk\/mors\/wp-content\/uploads\/2023\/10\/Kun-Mors-banner.jpg\"><\/a><script>cdmtrack_view(104783);<\/script>\n<p>Samtidig understreger hun, at Kulturm\u00f8det netop har valgt g\u00e5gaden for at bakke op om det lokale handelsliv.<\/p>\n<p>&#8211; Vi kunne placere langbordet mange steder, men det har v\u00e6ret vigtigt for os at placere det i g\u00e5gaden, fordi det er med til at skabe synlighed om byens butiksliv. Derudover h\u00f8rer vi altid, at man netop \u00f8nsker aktiviteter i gaden, siger hun.<\/p>\n<p>Trine Bang beskriver samarbejdet med Mors Handel som &#8220;rigtig godt&#8221; &#8211; og hun ser ogs\u00e5 placeringen i g\u00e5gaden som et udtryk for, at man vil involvere s\u00e5 mange som muligt.<\/p>\n<p>&#8211; N\u00e5r man laver s\u00e5 store begivenheder, er det selvf\u00f8lgelig sv\u00e6rt at g\u00f8re alle glade, men helt overordnet synes jeg, det er lykkedes at involvere rigtig mange forskellige partnere, siger hun.<\/p>\n<p>&nbsp;<\/p>\n<p><b>God mulighed for oms\u00e6tning<\/b><\/p>\n<p>Risikoen for tab af oms\u00e6tning under langbordet kan Trine Bang ikke f\u00f8lge.<\/p>\n<p>&#8211; Det er ikke et billede, jeg kan se for mig. Der er 32.000 g\u00e6ster p\u00e5 Kulturm\u00f8det over tre dage. Og vi har en langbordsmiddag p\u00e5 to timer. Du bliver n\u00f8dt til at t\u00e6lle alle Kulturm\u00f8dets dage sammen, ellers giver det et sk\u00e6vt billede, siger hun og tilf\u00f8jer:<\/p>\n<p>&#8211; Hvis to timers frokostservering \u00e9n dag kan v\u00e6re et tab, skal man m\u00e5ske ogs\u00e5 kigge lidt p\u00e5 egne initiativer. Der burde med 32.000 g\u00e6ster v\u00e6re gode muligheder for \u00f8get oms\u00e6tning p\u00e5 andre tidspunkter.<\/p>\n<a class=\"dvrt-link\" onClick=\"cdmtrack_click(104786,jQuery(this));return false\" href=\"https:\/\/limfjordsteatret.dk\/events\/tobias-dybvad-mit-bedste-onemanshow\/\"><img decoding=\"async\" style=\"width:100%;\" src=\"https:\/\/kunmedierne.dk\/mors\/wp-content\/uploads\/2023\/10\/aarskortLim_KunMors_1100x125.jpg\"><\/a><script>cdmtrack_view(104786);<\/script>\n<p>Samtidig kommer hun dog Anette Jensen i m\u00f8de i forhold til, at man skal evaluere p\u00e5 forl\u00f8bet og se, om der er detaljer, man kan rette op p\u00e5 ved en eventuel gentagelse af langbordet.<\/p>\n<p>&#8211; Man s\u00e6tter sig altid bagefter omkring et bord og siger: &#8220;Hvad gik godt? Hvad kunne v\u00e6re bedre? Og hvis vi skal g\u00f8re noget lignende, hvad skal der s\u00e5 ske?&#8221; Men jeg kan ikke genkende billedet af, at der ikke har v\u00e6ret en involvering, siger hun.<\/p>\n<p>KunMors har ogs\u00e5 spurgt Michael Hansen, formand for Mors\u00f8 Handelsstandsforening, om hans syn p\u00e5 sagen. Han \u00f8nsker ikke at kommentere den.<\/p>\n","protected":false},"excerpt":{"rendered":"<p>KULTURM\u00d8DET: Et af h\u00f8jdepunkterne under Kulturm\u00f8det Mors 2023 f\u00e5r ikke lige stor applaus fra alle sider &#8211; i hvert fald ikke for processen under fasen med planl\u00e6gning. P\u00e5 fredag fra klokken 13.30 og to timer frem vil et 200 meter langt frokostbord pr\u00e6ge g\u00e5gaden i Nyk\u00f8bing. Med plads til 400 spisende vil det tilbyde lokale [&hellip;]<\/p>\n","protected":false},"author":8,"featured_media":98079,"comment_status":"closed","ping_status":"open","sticky":false,"template":"","format":"standard","meta":{"_acf_changed":false,"footnotes":""},"categories":[49],"tags":[162],"class_list":["post-100139","post","type-post","status-publish","format-standard","has-post-thumbnail","hentry","category-kultur","tag-kulturmoedet"],"acf":[],"yoast_head":"<!-- This site is optimized with the Yoast SEO plugin v26.8 - https:\/\/yoast.com\/product\/yoast-seo-wordpress\/ -->\n<title>Formand for Regional Madkultur Thy-Mors efterlyser mere inddragelse fra Kulturm\u00f8det - Mors<\/title>\n<meta name=\"robots\" content=\"index, follow, max-snippet:-1, max-image-preview:large, max-video-preview:-1\" \/>\n<link rel=\"canonical\" href=\"https:\/\/kunmedierne.dk\/mors\/formand-for-regional-madkultur-thy-mors-efterlyser-mere-inddragelse-fra-kulturmoedet\/\" \/>\n<meta property=\"og:locale\" content=\"da_DK\" \/>\n<meta property=\"og:type\" content=\"article\" \/>\n<meta property=\"og:title\" content=\"Formand for Regional Madkultur Thy-Mors efterlyser mere inddragelse fra Kulturm\u00f8det - Mors\" \/>\n<meta property=\"og:description\" content=\"KULTURM\u00d8DET: Et af h\u00f8jdepunkterne under Kulturm\u00f8det Mors 2023 f\u00e5r ikke lige stor applaus fra alle sider &#8211; i hvert fald ikke for processen under fasen med planl\u00e6gning. P\u00e5 fredag fra klokken 13.30 og to timer frem vil et 200 meter langt frokostbord pr\u00e6ge g\u00e5gaden i Nyk\u00f8bing. Med plads til 400 spisende vil det tilbyde lokale [&hellip;]\" \/>\n<meta property=\"og:url\" content=\"https:\/\/kunmedierne.dk\/mors\/formand-for-regional-madkultur-thy-mors-efterlyser-mere-inddragelse-fra-kulturmoedet\/\" \/>\n<meta property=\"og:site_name\" content=\"Mors\" \/>\n<meta property=\"article:published_time\" content=\"2023-08-20T14:10:32+00:00\" \/>\n<meta property=\"article:modified_time\" content=\"2024-08-12T11:17:41+00:00\" \/>\n<meta property=\"og:image\" content=\"https:\/\/kunmedierne.dk\/mors\/wp-content\/uploads\/2023\/07\/Frokostbord.png\" \/>\n\t<meta property=\"og:image:width\" content=\"770\" \/>\n\t<meta property=\"og:image:height\" content=\"513\" \/>\n\t<meta property=\"og:image:type\" content=\"image\/png\" \/>\n<meta name=\"author\" content=\"David H\u00f8jmark\" \/>\n<meta name=\"twitter:card\" content=\"summary_large_image\" \/>\n<meta name=\"twitter:label1\" content=\"Skrevet af\" \/>\n\t<meta name=\"twitter:data1\" content=\"David H\u00f8jmark\" \/>\n\t<meta name=\"twitter:label2\" content=\"Estimeret l\u00e6setid\" \/>\n\t<meta name=\"twitter:data2\" content=\"5 minutter\" \/>\n<script type=\"application\/ld+json\" class=\"yoast-schema-graph\">{\"@context\":\"https:\/\/schema.org\",\"@graph\":[{\"@type\":\"Article\",\"@id\":\"https:\/\/kunmedierne.dk\/mors\/formand-for-regional-madkultur-thy-mors-efterlyser-mere-inddragelse-fra-kulturmoedet\/#article\",\"isPartOf\":{\"@id\":\"https:\/\/kunmedierne.dk\/mors\/formand-for-regional-madkultur-thy-mors-efterlyser-mere-inddragelse-fra-kulturmoedet\/\"},\"author\":{\"name\":\"David H\u00f8jmark\",\"@id\":\"https:\/\/kunmedierne.dk\/mors\/#\/schema\/person\/5fe23251bf1d0abbcdc6f7896579d548\"},\"headline\":\"Formand for Regional Madkultur Thy-Mors efterlyser mere inddragelse fra Kulturm\u00f8det\",\"datePublished\":\"2023-08-20T14:10:32+00:00\",\"dateModified\":\"2024-08-12T11:17:41+00:00\",\"mainEntityOfPage\":{\"@id\":\"https:\/\/kunmedierne.dk\/mors\/formand-for-regional-madkultur-thy-mors-efterlyser-mere-inddragelse-fra-kulturmoedet\/\"},\"wordCount\":961,\"publisher\":{\"@id\":\"https:\/\/kunmedierne.dk\/mors\/#organization\"},\"image\":{\"@id\":\"https:\/\/kunmedierne.dk\/mors\/formand-for-regional-madkultur-thy-mors-efterlyser-mere-inddragelse-fra-kulturmoedet\/#primaryimage\"},\"thumbnailUrl\":\"https:\/\/kunmedierne.dk\/mors\/wp-content\/uploads\/2023\/07\/Frokostbord.png\",\"keywords\":[\"Kulturm\u00f8det\"],\"articleSection\":[\"Kultur\"],\"inLanguage\":\"da-DK\"},{\"@type\":\"WebPage\",\"@id\":\"https:\/\/kunmedierne.dk\/mors\/formand-for-regional-madkultur-thy-mors-efterlyser-mere-inddragelse-fra-kulturmoedet\/\",\"url\":\"https:\/\/kunmedierne.dk\/mors\/formand-for-regional-madkultur-thy-mors-efterlyser-mere-inddragelse-fra-kulturmoedet\/\",\"name\":\"Formand for Regional Madkultur Thy-Mors efterlyser mere inddragelse fra Kulturm\u00f8det - Mors\",\"isPartOf\":{\"@id\":\"https:\/\/kunmedierne.dk\/mors\/#website\"},\"primaryImageOfPage\":{\"@id\":\"https:\/\/kunmedierne.dk\/mors\/formand-for-regional-madkultur-thy-mors-efterlyser-mere-inddragelse-fra-kulturmoedet\/#primaryimage\"},\"image\":{\"@id\":\"https:\/\/kunmedierne.dk\/mors\/formand-for-regional-madkultur-thy-mors-efterlyser-mere-inddragelse-fra-kulturmoedet\/#primaryimage\"},\"thumbnailUrl\":\"https:\/\/kunmedierne.dk\/mors\/wp-content\/uploads\/2023\/07\/Frokostbord.png\",\"datePublished\":\"2023-08-20T14:10:32+00:00\",\"dateModified\":\"2024-08-12T11:17:41+00:00\",\"breadcrumb\":{\"@id\":\"https:\/\/kunmedierne.dk\/mors\/formand-for-regional-madkultur-thy-mors-efterlyser-mere-inddragelse-fra-kulturmoedet\/#breadcrumb\"},\"inLanguage\":\"da-DK\",\"potentialAction\":[{\"@type\":\"ReadAction\",\"target\":[\"https:\/\/kunmedierne.dk\/mors\/formand-for-regional-madkultur-thy-mors-efterlyser-mere-inddragelse-fra-kulturmoedet\/\"]}]},{\"@type\":\"ImageObject\",\"inLanguage\":\"da-DK\",\"@id\":\"https:\/\/kunmedierne.dk\/mors\/formand-for-regional-madkultur-thy-mors-efterlyser-mere-inddragelse-fra-kulturmoedet\/#primaryimage\",\"url\":\"https:\/\/kunmedierne.dk\/mors\/wp-content\/uploads\/2023\/07\/Frokostbord.png\",\"contentUrl\":\"https:\/\/kunmedierne.dk\/mors\/wp-content\/uploads\/2023\/07\/Frokostbord.png\",\"width\":770,\"height\":513,\"caption\":\"Et gigantisk frokostbord vil sno sig igennem Nyk\u00f8bings hyggelige g\u00e5gade. Foto: Kulturm\u00f8det Mors.\"},{\"@type\":\"BreadcrumbList\",\"@id\":\"https:\/\/kunmedierne.dk\/mors\/formand-for-regional-madkultur-thy-mors-efterlyser-mere-inddragelse-fra-kulturmoedet\/#breadcrumb\",\"itemListElement\":[{\"@type\":\"ListItem\",\"position\":1,\"name\":\"Hjem\",\"item\":\"https:\/\/kunmedierne.dk\/mors\/\"},{\"@type\":\"ListItem\",\"position\":2,\"name\":\"Formand for Regional Madkultur Thy-Mors efterlyser mere inddragelse fra Kulturm\u00f8det\"}]},{\"@type\":\"WebSite\",\"@id\":\"https:\/\/kunmedierne.dk\/mors\/#website\",\"url\":\"https:\/\/kunmedierne.dk\/mors\/\",\"name\":\"Mors\",\"description\":\"et netmedie med journalistik om livet p\u00e5 Mors\",\"publisher\":{\"@id\":\"https:\/\/kunmedierne.dk\/mors\/#organization\"},\"potentialAction\":[{\"@type\":\"SearchAction\",\"target\":{\"@type\":\"EntryPoint\",\"urlTemplate\":\"https:\/\/kunmedierne.dk\/mors\/?s={search_term_string}\"},\"query-input\":{\"@type\":\"PropertyValueSpecification\",\"valueRequired\":true,\"valueName\":\"search_term_string\"}}],\"inLanguage\":\"da-DK\"},{\"@type\":\"Organization\",\"@id\":\"https:\/\/kunmedierne.dk\/mors\/#organization\",\"name\":\"Mors\",\"url\":\"https:\/\/kunmedierne.dk\/mors\/\",\"logo\":{\"@type\":\"ImageObject\",\"inLanguage\":\"da-DK\",\"@id\":\"https:\/\/kunmedierne.dk\/mors\/#\/schema\/logo\/image\/\",\"url\":\"https:\/\/kunmedierne.dk\/mors\/wp-content\/uploads\/2024\/08\/kunmors-logo.svg\",\"contentUrl\":\"https:\/\/kunmedierne.dk\/mors\/wp-content\/uploads\/2024\/08\/kunmors-logo.svg\",\"caption\":\"Mors\"},\"image\":{\"@id\":\"https:\/\/kunmedierne.dk\/mors\/#\/schema\/logo\/image\/\"}},{\"@type\":\"Person\",\"@id\":\"https:\/\/kunmedierne.dk\/mors\/#\/schema\/person\/5fe23251bf1d0abbcdc6f7896579d548\",\"name\":\"David H\u00f8jmark\",\"image\":{\"@type\":\"ImageObject\",\"inLanguage\":\"da-DK\",\"@id\":\"https:\/\/kunmedierne.dk\/mors\/#\/schema\/person\/image\/\",\"url\":\"https:\/\/secure.gravatar.com\/avatar\/4315d6fb9ef244d729989f5f90268eb08d5bf8a3d84402f595fa194bb35784fd?s=96&d=mm&r=g\",\"contentUrl\":\"https:\/\/secure.gravatar.com\/avatar\/4315d6fb9ef244d729989f5f90268eb08d5bf8a3d84402f595fa194bb35784fd?s=96&d=mm&r=g\",\"caption\":\"David H\u00f8jmark\"},\"sameAs\":[\"https:\/\/www.kunmedierne.dk\"],\"url\":\"https:\/\/kunmedierne.dk\/mors\/author\/david\/\"}]}<\/script>\n<!-- \/ Yoast SEO plugin. -->","yoast_head_json":{"title":"Formand for Regional Madkultur Thy-Mors efterlyser mere inddragelse fra Kulturm\u00f8det - Mors","robots":{"index":"index","follow":"follow","max-snippet":"max-snippet:-1","max-image-preview":"max-image-preview:large","max-video-preview":"max-video-preview:-1"},"canonical":"https:\/\/kunmedierne.dk\/mors\/formand-for-regional-madkultur-thy-mors-efterlyser-mere-inddragelse-fra-kulturmoedet\/","og_locale":"da_DK","og_type":"article","og_title":"Formand for Regional Madkultur Thy-Mors efterlyser mere inddragelse fra Kulturm\u00f8det - Mors","og_description":"KULTURM\u00d8DET: Et af h\u00f8jdepunkterne under Kulturm\u00f8det Mors 2023 f\u00e5r ikke lige stor applaus fra alle sider &#8211; i hvert fald ikke for processen under fasen med planl\u00e6gning. P\u00e5 fredag fra klokken 13.30 og to timer frem vil et 200 meter langt frokostbord pr\u00e6ge g\u00e5gaden i Nyk\u00f8bing. Med plads til 400 spisende vil det tilbyde lokale [&hellip;]","og_url":"https:\/\/kunmedierne.dk\/mors\/formand-for-regional-madkultur-thy-mors-efterlyser-mere-inddragelse-fra-kulturmoedet\/","og_site_name":"Mors","article_published_time":"2023-08-20T14:10:32+00:00","article_modified_time":"2024-08-12T11:17:41+00:00","og_image":[{"width":770,"height":513,"url":"https:\/\/kunmedierne.dk\/mors\/wp-content\/uploads\/2023\/07\/Frokostbord.png","type":"image\/png"}],"author":"David H\u00f8jmark","twitter_card":"summary_large_image","twitter_misc":{"Skrevet af":"David H\u00f8jmark","Estimeret l\u00e6setid":"5 minutter"},"schema":{"@context":"https:\/\/schema.org","@graph":[{"@type":"Article","@id":"https:\/\/kunmedierne.dk\/mors\/formand-for-regional-madkultur-thy-mors-efterlyser-mere-inddragelse-fra-kulturmoedet\/#article","isPartOf":{"@id":"https:\/\/kunmedierne.dk\/mors\/formand-for-regional-madkultur-thy-mors-efterlyser-mere-inddragelse-fra-kulturmoedet\/"},"author":{"name":"David H\u00f8jmark","@id":"https:\/\/kunmedierne.dk\/mors\/#\/schema\/person\/5fe23251bf1d0abbcdc6f7896579d548"},"headline":"Formand for Regional Madkultur Thy-Mors efterlyser mere inddragelse fra Kulturm\u00f8det","datePublished":"2023-08-20T14:10:32+00:00","dateModified":"2024-08-12T11:17:41+00:00","mainEntityOfPage":{"@id":"https:\/\/kunmedierne.dk\/mors\/formand-for-regional-madkultur-thy-mors-efterlyser-mere-inddragelse-fra-kulturmoedet\/"},"wordCount":961,"publisher":{"@id":"https:\/\/kunmedierne.dk\/mors\/#organization"},"image":{"@id":"https:\/\/kunmedierne.dk\/mors\/formand-for-regional-madkultur-thy-mors-efterlyser-mere-inddragelse-fra-kulturmoedet\/#primaryimage"},"thumbnailUrl":"https:\/\/kunmedierne.dk\/mors\/wp-content\/uploads\/2023\/07\/Frokostbord.png","keywords":["Kulturm\u00f8det"],"articleSection":["Kultur"],"inLanguage":"da-DK"},{"@type":"WebPage","@id":"https:\/\/kunmedierne.dk\/mors\/formand-for-regional-madkultur-thy-mors-efterlyser-mere-inddragelse-fra-kulturmoedet\/","url":"https:\/\/kunmedierne.dk\/mors\/formand-for-regional-madkultur-thy-mors-efterlyser-mere-inddragelse-fra-kulturmoedet\/","name":"Formand for Regional Madkultur Thy-Mors efterlyser mere inddragelse fra Kulturm\u00f8det - Mors","isPartOf":{"@id":"https:\/\/kunmedierne.dk\/mors\/#website"},"primaryImageOfPage":{"@id":"https:\/\/kunmedierne.dk\/mors\/formand-for-regional-madkultur-thy-mors-efterlyser-mere-inddragelse-fra-kulturmoedet\/#primaryimage"},"image":{"@id":"https:\/\/kunmedierne.dk\/mors\/formand-for-regional-madkultur-thy-mors-efterlyser-mere-inddragelse-fra-kulturmoedet\/#primaryimage"},"thumbnailUrl":"https:\/\/kunmedierne.dk\/mors\/wp-content\/uploads\/2023\/07\/Frokostbord.png","datePublished":"2023-08-20T14:10:32+00:00","dateModified":"2024-08-12T11:17:41+00:00","breadcrumb":{"@id":"https:\/\/kunmedierne.dk\/mors\/formand-for-regional-madkultur-thy-mors-efterlyser-mere-inddragelse-fra-kulturmoedet\/#breadcrumb"},"inLanguage":"da-DK","potentialAction":[{"@type":"ReadAction","target":["https:\/\/kunmedierne.dk\/mors\/formand-for-regional-madkultur-thy-mors-efterlyser-mere-inddragelse-fra-kulturmoedet\/"]}]},{"@type":"ImageObject","inLanguage":"da-DK","@id":"https:\/\/kunmedierne.dk\/mors\/formand-for-regional-madkultur-thy-mors-efterlyser-mere-inddragelse-fra-kulturmoedet\/#primaryimage","url":"https:\/\/kunmedierne.dk\/mors\/wp-content\/uploads\/2023\/07\/Frokostbord.png","contentUrl":"https:\/\/kunmedierne.dk\/mors\/wp-content\/uploads\/2023\/07\/Frokostbord.png","width":770,"height":513,"caption":"Et gigantisk frokostbord vil sno sig igennem Nyk\u00f8bings hyggelige g\u00e5gade. Foto: Kulturm\u00f8det Mors."},{"@type":"BreadcrumbList","@id":"https:\/\/kunmedierne.dk\/mors\/formand-for-regional-madkultur-thy-mors-efterlyser-mere-inddragelse-fra-kulturmoedet\/#breadcrumb","itemListElement":[{"@type":"ListItem","position":1,"name":"Hjem","item":"https:\/\/kunmedierne.dk\/mors\/"},{"@type":"ListItem","position":2,"name":"Formand for Regional Madkultur Thy-Mors efterlyser mere inddragelse fra Kulturm\u00f8det"}]},{"@type":"WebSite","@id":"https:\/\/kunmedierne.dk\/mors\/#website","url":"https:\/\/kunmedierne.dk\/mors\/","name":"Mors","description":"et netmedie med journalistik om livet p\u00e5 Mors","publisher":{"@id":"https:\/\/kunmedierne.dk\/mors\/#organization"},"potentialAction":[{"@type":"SearchAction","target":{"@type":"EntryPoint","urlTemplate":"https:\/\/kunmedierne.dk\/mors\/?s={search_term_string}"},"query-input":{"@type":"PropertyValueSpecification","valueRequired":true,"valueName":"search_term_string"}}],"inLanguage":"da-DK"},{"@type":"Organization","@id":"https:\/\/kunmedierne.dk\/mors\/#organization","name":"Mors","url":"https:\/\/kunmedierne.dk\/mors\/","logo":{"@type":"ImageObject","inLanguage":"da-DK","@id":"https:\/\/kunmedierne.dk\/mors\/#\/schema\/logo\/image\/","url":"https:\/\/kunmedierne.dk\/mors\/wp-content\/uploads\/2024\/08\/kunmors-logo.svg","contentUrl":"https:\/\/kunmedierne.dk\/mors\/wp-content\/uploads\/2024\/08\/kunmors-logo.svg","caption":"Mors"},"image":{"@id":"https:\/\/kunmedierne.dk\/mors\/#\/schema\/logo\/image\/"}},{"@type":"Person","@id":"https:\/\/kunmedierne.dk\/mors\/#\/schema\/person\/5fe23251bf1d0abbcdc6f7896579d548","name":"David H\u00f8jmark","image":{"@type":"ImageObject","inLanguage":"da-DK","@id":"https:\/\/kunmedierne.dk\/mors\/#\/schema\/person\/image\/","url":"https:\/\/secure.gravatar.com\/avatar\/4315d6fb9ef244d729989f5f90268eb08d5bf8a3d84402f595fa194bb35784fd?s=96&d=mm&r=g","contentUrl":"https:\/\/secure.gravatar.com\/avatar\/4315d6fb9ef244d729989f5f90268eb08d5bf8a3d84402f595fa194bb35784fd?s=96&d=mm&r=g","caption":"David H\u00f8jmark"},"sameAs":["https:\/\/www.kunmedierne.dk"],"url":"https:\/\/kunmedierne.dk\/mors\/author\/david\/"}]}},"_links":{"self":[{"href":"https:\/\/kunmedierne.dk\/mors\/wp-json\/wp\/v2\/posts\/100139","targetHints":{"allow":["GET"]}}],"collection":[{"href":"https:\/\/kunmedierne.dk\/mors\/wp-json\/wp\/v2\/posts"}],"about":[{"href":"https:\/\/kunmedierne.dk\/mors\/wp-json\/wp\/v2\/types\/post"}],"author":[{"embeddable":true,"href":"https:\/\/kunmedierne.dk\/mors\/wp-json\/wp\/v2\/users\/8"}],"replies":[{"embeddable":true,"href":"https:\/\/kunmedierne.dk\/mors\/wp-json\/wp\/v2\/comments?post=100139"}],"version-history":[{"count":3,"href":"https:\/\/kunmedierne.dk\/mors\/wp-json\/wp\/v2\/posts\/100139\/revisions"}],"predecessor-version":[{"id":100142,"href":"https:\/\/kunmedierne.dk\/mors\/wp-json\/wp\/v2\/posts\/100139\/revisions\/100142"}],"wp:featuredmedia":[{"embeddable":true,"href":"https:\/\/kunmedierne.dk\/mors\/wp-json\/wp\/v2\/media\/98079"}],"wp:attachment":[{"href":"https:\/\/kunmedierne.dk\/mors\/wp-json\/wp\/v2\/media?parent=100139"}],"wp:term":[{"taxonomy":"category","embeddable":true,"href":"https:\/\/kunmedierne.dk\/mors\/wp-json\/wp\/v2\/categories?post=100139"},{"taxonomy":"post_tag","embeddable":true,"href":"https:\/\/kunmedierne.dk\/mors\/wp-json\/wp\/v2\/tags?post=100139"}],"curies":[{"name":"wp","href":"https:\/\/api.w.org\/{rel}","templated":true}]}}